{"id":2692,"__str__":"REQUERIMENTOS COMUNS n\u00ba 51 de 2023","link_detail_backend":"/materia/2692","metadata":{},"numero":51,"ano":2023,"numero_protocolo":null,"data_apresentacao":"2023-11-21","tipo_apresentacao":"E","data_publicacao":null,"numero_origem_externa":"","ano_origem_externa":null,"data_origem_externa":null,"apelido":"","dias_prazo":null,"data_fim_prazo":null,"em_tramitacao":false,"polemica":false,"objeto":"","complementar":false,"ementa":"O Vereador que a este subscreve, nos termos do Regimento Interno da Casa, ouvido o Plen\u00e1rio, REQUER a Mesa Diretora seja oficializada o Minist\u00e9rio do Meio Ambiente Mudan\u00e7a do Clima e Instituto Brasileiro do Meio Ambiente e dos Recursos Naturais Renov\u00e1veis (IBAMA), para que reforcem as a\u00e7\u00f5es de combate ao inc\u00eandio que atinge o pantanal na regi\u00e3o de Pocon\u00e9, disponibilizando equipe de combate, avi\u00f5es de descarga de \u00e1gua, e helic\u00f3ptero para apoio de log\u00edstica e transporte de pessoas.\r\n \r\n                      Sala das Sess\u00f5es \u201cJosefa Gon\u00e7alves\u201d, em 21 de novembro de 2023.\r\n\r\n                      Vereador Lu\u00eds Eduardo, \u201cDudu Carrapato\u201d, PSDB.","indexacao":"","observacao":"","resultado":"","texto_original":"http://sapl.pocone.mt.leg.br/media/sapl/public/materialegislativa/2023/2692/requerimentono_012-2023..pdf","data_ultima_atualizacao":"2023-11-27T11:46:28.181188-03:00","ip":"201.71.140.251","ultima_edicao":"2023-11-27T11:44:55.126403-03:00","tipo":5,"regime_tramitacao":1,"tipo_origem_externa":null,"local_origem_externa":null,"user":9,"anexadas":[],"autores":[18]}