{"id":2675,"__str__":"MO\u00c7\u00d5ES n\u00ba 82 de 2023","link_detail_backend":"/materia/2675","metadata":{},"numero":82,"ano":2023,"numero_protocolo":null,"data_apresentacao":"2023-11-14","tipo_apresentacao":"E","data_publicacao":null,"numero_origem_externa":"","ano_origem_externa":null,"data_origem_externa":null,"apelido":"","dias_prazo":null,"data_fim_prazo":null,"em_tramitacao":false,"polemica":false,"objeto":"","complementar":false,"ementa":"Exm\u00ba Sr\u00ba. Presidente da C\u00e2mara Municipal de Pocon\u00e9 - MT.\r\n\r\nA C\u00e2mara Municipal de Pocon\u00e9, Estado de Mato Grosso, atrav\u00e9s dos Vereadores que a comp\u00f5em leg\u00edtimo representante do povo poconeano apresenta Mo\u00e7\u00e3o de Aplausos dirigidos as Senhoras Camila Volpato, Lara Arruda e Daniela Souza, empres\u00e1rias, pelo investimento instala\u00e7\u00e3o e inaugura\u00e7\u00e3o da loja Donna Delas Acess\u00f3rios, na cidade de Pocon\u00e9 \u2013 MT, Rua Joaquim Murtinho, inaugurada no dia 10 de novembro de 2023, com espa\u00e7o amplo e moderno para atender a popula\u00e7\u00e3o poconeana. \r\n\r\nAcreditando no potencial de Pocon\u00e9, instalaram a Loja Donna Delas Acess\u00f3rios, merecedoras de aplausos que lhe fazem o Legislativo Poconeano, que tamb\u00e9m lhes desejam felicidades e continuados sucessos. \r\n                      Que seja dado conhecimento desta as homenageadas.\r\n                       Sala das Sess\u00f5es \u201cJosefa Gon\u00e7alves\u201d, em 14 de novembro de 2023.\r\n\r\n\r\nVereadora Jocilma Amaral, UB.                                        Vereadora Ageane Barros, UB.","indexacao":"","observacao":"","resultado":"","texto_original":"http://sapl.pocone.mt.leg.br/media/sapl/public/materialegislativa/2023/2675/mocao_de_aplauso_no_009-2023.pdf","data_ultima_atualizacao":"2023-11-21T12:47:18.368177-03:00","ip":"201.71.140.251","ultima_edicao":"2023-11-21T12:46:38.057312-03:00","tipo":6,"regime_tramitacao":1,"tipo_origem_externa":null,"local_origem_externa":null,"user":9,"anexadas":[],"autores":[26]}