{"id":2671,"__str__":"REQUERIMENTOS COMUNS n\u00ba 49 de 2023","link_detail_backend":"/materia/2671","metadata":{},"numero":49,"ano":2023,"numero_protocolo":null,"data_apresentacao":"2023-11-14","tipo_apresentacao":"E","data_publicacao":null,"numero_origem_externa":"","ano_origem_externa":null,"data_origem_externa":null,"apelido":"","dias_prazo":null,"data_fim_prazo":null,"em_tramitacao":false,"polemica":false,"objeto":"","complementar":false,"ementa":"Exm\u00ba. Sr\u00ba. Presidente da C\u00e2mara Municipal de Pocon\u00e9-MT.\r\n\r\nConsiderando que o Fundo de Estabiliza\u00e7\u00e3o Fiscal (FEF), \u00e9 um mecanismo em que a Uni\u00e3o retem recursos que seriam repassados aos estados e munic\u00edpios deixando de aplic\u00e1-los em determinados gastos conforme previsto na Constitui\u00e7\u00e3o. Essa reten\u00e7\u00e3o de recursos tem como objetivo principal garantir a estabilidade das contas p\u00fablicas e buscar o equil\u00edbrio fiscal.\r\n\r\nConsiderando que o FEF funciona como uma reserva financeira, sendo alimentado por meio de diferentes fontes como receitas da uni\u00e3o. Esses recursos ficam dispon\u00edveis, para serem utilizados em momentos de necessidade, como para cobrir d\u00e9ficit fiscais ou para lidar com situa\u00e7\u00e3o de estabilidade econ\u00f4mica;\r\n\r\nSala das Sess\u00f5es \u201cJosefa Gon\u00e7alves\u201d, em 14 de novembro de 2023.\r\n\r\n\r\n\r\n                           Vereador M\u00e1rcio Fernandes, MDB.\r\n\r\n\r\n\r\n\r\n                           Vereador S\u00e9rgio Maracan\u00e3, PSB.","indexacao":"","observacao":"","resultado":"","texto_original":"http://sapl.pocone.mt.leg.br/media/sapl/public/materialegislativa/2023/2671/requerimento_no_011-_2023.pdf","data_ultima_atualizacao":"2023-11-21T12:40:09.992057-03:00","ip":"201.71.140.251","ultima_edicao":"2023-11-21T12:37:04.574755-03:00","tipo":5,"regime_tramitacao":1,"tipo_origem_externa":null,"local_origem_externa":null,"user":9,"anexadas":[],"autores":[21]}