{"id":2667,"__str__":"INDICA\u00c7\u00d5ES n\u00ba 437 de 2023","link_detail_backend":"/materia/2667","metadata":{},"numero":437,"ano":2023,"numero_protocolo":null,"data_apresentacao":"2023-11-14","tipo_apresentacao":"E","data_publicacao":null,"numero_origem_externa":"","ano_origem_externa":null,"data_origem_externa":null,"apelido":"","dias_prazo":null,"data_fim_prazo":null,"em_tramitacao":false,"polemica":false,"objeto":"","complementar":false,"ementa":"Exm\u00ba. Sr\u00ba. Presidente da C\u00e2mara Municipal de Pocon\u00e9 - MT.\r\n\r\nO Vereador que a este subscreve, nos termos do Regimento Interno da Casa, ouvindo o Plen\u00e1rio, INDICA as Suas Excel\u00eancias Ata\u00edl Marques do Amaral, Prefeito Municipal, Ney Rondon Marques, Secret\u00e1rio Municipal de Infraestrutura, no sentido de buscar entendimentos e tomadas de provid\u00eancias para efetuar manuten\u00e7\u00e3o, troca de l\u00e2mpadas, e coloca\u00e7\u00e3o de bra\u00e7o de lumin\u00e1ria nos postes situados na via p\u00fablica que d\u00e1 acesso a Estrada Boiadeira, situada atr\u00e1s do Aeroporto, cidade de Pocon\u00e9 \u2013 MT. \r\n\r\nA raz\u00e3o desta iniciativa deve-se ao fato de que o sistema de ilumina\u00e7\u00e3o p\u00fablica nessa regi\u00e3o encontra-se fragilizado, l\u00e2mpadas queimadas, falta bra\u00e7o de lumin\u00e1rias, trazendo inseguran\u00e7a para aqueles que transitam pela via p\u00fablica, pelo o que esperamos contar com o atendimento do Poder Executivo.\r\n\r\n\r\nSala das Sess\u00f5es \u201cJosefa Gon\u00e7alves\u201d, em 06 de novembro de 2023.\r\n\r\n\r\n\r\nVereador Sergio Maracan\u00e3, PSB.","indexacao":"","observacao":"","resultado":"","texto_original":"http://sapl.pocone.mt.leg.br/media/sapl/public/materialegislativa/2023/2667/indicacao_no_058-2023..pdf","data_ultima_atualizacao":"2023-11-21T11:57:43.410139-03:00","ip":"201.71.140.251","ultima_edicao":"2023-11-21T11:56:19.442842-03:00","tipo":7,"regime_tramitacao":1,"tipo_origem_externa":null,"local_origem_externa":null,"user":9,"anexadas":[],"autores":[24]}