{"id":2666,"__str__":"INDICA\u00c7\u00d5ES n\u00ba 436 de 2023","link_detail_backend":"/materia/2666","metadata":{},"numero":436,"ano":2023,"numero_protocolo":null,"data_apresentacao":"2023-11-14","tipo_apresentacao":"E","data_publicacao":null,"numero_origem_externa":"","ano_origem_externa":null,"data_origem_externa":null,"apelido":"","dias_prazo":null,"data_fim_prazo":null,"em_tramitacao":false,"polemica":false,"objeto":"","complementar":false,"ementa":"Exm\u00ba. Sr. Presidente da C\u00e2mara Municipal de Pocon\u00e9-MT.\r\n\r\n\r\n    O Vereador que a esta subscreve, nos termos do Regimento Interno da Casa, INDICA a Sua Excel\u00eancia Ata\u00edl Marques do Amaral, Prefeito Municipal, para que providencie um terreno na localidade onde se encontra busto de Vigilato Canuto da Silva, no pantanal de Pocon\u00e9, para edificar capela para proporcionar maior conforto e comodidade aos seus devotos.\r\n\r\n    Vigilato era conhecido pela reza e devo\u00e7\u00e3o a Santo Ant\u00f4nio. Filho de escravos, fez fama com o seu poder de cura, mentaliza\u00e7\u00e3o e previs\u00e3o de acontecimentos. Ficou conhecido por seus dons premonit\u00f3rios e por sempre fazer a travessia dos bois sem perde-los. Faleceu em 1944 na regi\u00e3o do Pixaim, Pocon\u00e9.\r\n\r\n\r\n\r\n                            Sala das Sess\u00f5es \u201cJosefa Gon\u00e7alves\u201d, 14 de novembro de 2023.\r\n\r\n\r\n\r\n                             Vereador Lu\u00eds Eduardo \u201cDudu Carrapato\u201d, PSDB.","indexacao":"","observacao":"","resultado":"","texto_original":"http://sapl.pocone.mt.leg.br/media/sapl/public/materialegislativa/2023/2666/indicacao_no_041-2023..pdf","data_ultima_atualizacao":"2023-11-21T11:53:40.662661-03:00","ip":"201.71.140.251","ultima_edicao":"2023-11-21T11:52:28.846624-03:00","tipo":7,"regime_tramitacao":1,"tipo_origem_externa":null,"local_origem_externa":null,"user":9,"anexadas":[],"autores":[18]}