{"id":2663,"__str__":"INDICA\u00c7\u00d5ES n\u00ba 433 de 2023","link_detail_backend":"/materia/2663","metadata":{},"numero":433,"ano":2023,"numero_protocolo":null,"data_apresentacao":"2023-11-14","tipo_apresentacao":"E","data_publicacao":null,"numero_origem_externa":"","ano_origem_externa":null,"data_origem_externa":null,"apelido":"","dias_prazo":null,"data_fim_prazo":null,"em_tramitacao":false,"polemica":false,"objeto":"","complementar":false,"ementa":"Exm\u00ba.Sr.Presidente da C\u00e2mara Municipal de Pocon\u00e9-MT.\r\n\r\n  O Vereador que a esta subscreve, nos termos do Regimento Interno da Casa, Indica a Suas Excel\u00eancia Senhor Ata\u00edl Marques do Amaral, Prefeito Municipal, Ilma Regina Figueiredo Arruda, Secret\u00e1ria Municipal de Sa\u00fade, no sentido de buscar entendimentos e tomadas de provid\u00eancias junto a Deputados Estaduais, Federais, Senadores, com a finalidade de destinar recursos financeiros necess\u00e1rios para reforma/amplia\u00e7\u00e3o da estrutura f\u00edsica que abriga o PSF do Distrito de Cangas, munic\u00edpio de Pocon\u00e9 \u2013 MT. \r\n\r\n                   Sala das Sess\u00f5es \u201cJosefa Gon\u00e7alves\u201d, em 13 de novembro de 2023.\r\n\r\n\r\n\r\n                     Ver. M\u00e1rcio Fernandes, \u201cMarcinho\u201d, MDB.","indexacao":"","observacao":"","resultado":"","texto_original":"http://sapl.pocone.mt.leg.br/media/sapl/public/materialegislativa/2023/2663/indicacao_no_099-2023.pdf","data_ultima_atualizacao":"2023-11-21T11:11:50.778611-03:00","ip":"201.71.140.251","ultima_edicao":"2023-11-21T11:11:20.545269-03:00","tipo":7,"regime_tramitacao":1,"tipo_origem_externa":null,"local_origem_externa":null,"user":9,"anexadas":[],"autores":[21]}