{"id":2657,"__str__":"REQUERIMENTOS COMUNS n\u00ba 47 de 2023","link_detail_backend":"/materia/2657","metadata":{},"numero":47,"ano":2023,"numero_protocolo":null,"data_apresentacao":"2023-11-07","tipo_apresentacao":"E","data_publicacao":null,"numero_origem_externa":"","ano_origem_externa":null,"data_origem_externa":null,"apelido":"","dias_prazo":null,"data_fim_prazo":null,"em_tramitacao":false,"polemica":false,"objeto":"","complementar":false,"ementa":"Exm\u00ba. Sr. Presidente da C\u00e2mara Municipal de Pocon\u00e9 - MT.\r\n\r\n                          O Vereador que a este subscreve, nos termos do Regimento Interno da Casa, ouvido o Plen\u00e1rio, REQUER a Mesa Diretora, ouvido o Plen\u00e1rio, seja oficializado a Sua Excel\u00eancia Ilma Regina Figueiredo Arruda, Secret\u00e1ria Municipal de Sa\u00fade, no sentido de prestar esclarecimentos \u00e1 C\u00e2mara Municipal sobre a municipaliza\u00e7\u00e3o do Servi\u00e7o de Atendimento M\u00f3vel de Seguran\u00e7a \u2013 SAMU, no que segue:\r\n                \r\nEm resumo, a decis\u00e3o de municipalizar e retirar o SAMU como parte da rede estadual este Vereador entende que isso trar\u00e1 problemas de gest\u00e3o, qualidade e efici\u00eancia. E solicitamos tamb\u00e9m se houve documento para tais formaliza\u00e7\u00e3o enviar c\u00f3pia em anexo.   \r\n\r\n\r\n\r\n                          Sala das Sess\u00f5es, 07 de novembro de 2023.\r\n\r\n\r\n                           Vereador Itamar Louren\u00e7o, PSB.","indexacao":"","observacao":"","resultado":"","texto_original":"http://sapl.pocone.mt.leg.br/media/sapl/public/materialegislativa/2023/2657/requerimento_no_005-2023...pdf","data_ultima_atualizacao":"2023-11-10T10:13:23.248762-03:00","ip":"201.71.140.251","ultima_edicao":"2023-11-10T10:08:35.916129-03:00","tipo":5,"regime_tramitacao":1,"tipo_origem_externa":null,"local_origem_externa":null,"user":9,"anexadas":[],"autores":[23]}