{"id":2654,"__str__":"REQUERIMENTOS COMUNS n\u00ba 44 de 2023","link_detail_backend":"/materia/2654","metadata":{},"numero":44,"ano":2023,"numero_protocolo":null,"data_apresentacao":"2023-11-07","tipo_apresentacao":"E","data_publicacao":null,"numero_origem_externa":"","ano_origem_externa":null,"data_origem_externa":null,"apelido":"","dias_prazo":null,"data_fim_prazo":null,"em_tramitacao":false,"polemica":false,"objeto":"","complementar":false,"ementa":"Exm\u00ba. Sr. Presidente da C\u00e2mara Municipal de Pocon\u00e9 - MT.\r\n\r\nO Vereador que a este subscreve, nos termos do Regimento Interno da Casa, ouvido o plen\u00e1rio, Requer que seja encaminhado expediente a Concession\u00e1ria Energisa Pocon\u00e9 \u2013 MT, solicitando esclarecimentos em virtude das constantes quedas de energia que vem ocorrendo no munic\u00edpio de Pocon\u00e9 \u2013 MT, especialmente nos bairros, que causa preju\u00edzos, transtornos para os moradores e com\u00e9rcios locais solicita as seguintes informa\u00e7\u00f5es: \r\n\r\nI \u2013 Quais as providencias est\u00e3o sendo tomadas para solucionar esses problemas?\r\nII \u2013 Quais as causas das frequentes oscila\u00e7\u00f5es em v\u00e1rios bairros da cidade?\r\nIII \u2013 Quais investimentos e melhorias em curto e longo prazo est\u00e3o planejados para infraestrutura el\u00e9trica no munic\u00edpio na \u00e1rea urbana e rural?\r\nIV \u2013 Existe um plano de a\u00e7\u00e3o para evitar futuras quedas de energia?\r\nV \u2013 O n\u00famero de profissionais, equipamentos, ve\u00edculos que atuam hoje \u00e9 o recomendado para atender toda a demanda do munic\u00edpio de Pocon\u00e9?","indexacao":"","observacao":"","resultado":"","texto_original":"http://sapl.pocone.mt.leg.br/media/sapl/public/materialegislativa/2023/2654/vereador_sergio_maracana_no_004-2023...pdf","data_ultima_atualizacao":"2023-11-09T13:52:28.865776-03:00","ip":"201.71.140.251","ultima_edicao":"2023-11-09T13:51:38.304506-03:00","tipo":5,"regime_tramitacao":1,"tipo_origem_externa":null,"local_origem_externa":null,"user":9,"anexadas":[],"autores":[24]}