{"id":2648,"__str__":"MO\u00c7\u00d5ES n\u00ba 76 de 2023","link_detail_backend":"/materia/2648","metadata":{},"numero":76,"ano":2023,"numero_protocolo":null,"data_apresentacao":"2023-11-07","tipo_apresentacao":"E","data_publicacao":null,"numero_origem_externa":"","ano_origem_externa":null,"data_origem_externa":null,"apelido":"","dias_prazo":null,"data_fim_prazo":null,"em_tramitacao":false,"polemica":false,"objeto":"","complementar":false,"ementa":"Exm. Sr. Presidente da C\u00e2mara Municipal de Pocon\u00e9-MT.\r\n\r\n\r\n  A C\u00e2mara Municipal de Pocon\u00e9, Estado de Mato Grosso, atrav\u00e9s dos Vereadores que a comp\u00f5em leg\u00edtimo representante do povo poconeano apresenta Mo\u00e7\u00e3o de Aplausos a Associa\u00e7\u00e3o das Mulheres em A\u00e7\u00e3o da Agricultura Familiar do assentamento Agroana Girau, munic\u00edpio de Pocon\u00e9 \u2013 MT, pelos relevantes servi\u00e7os e a\u00e7\u00f5es desenvolvidas em prol do fortalecimento da agricultura familiar no munic\u00edpio de Pocon\u00e9.\r\n \r\n Que seja dado conhecimento desta as homenageadas. \r\n\r\n\r\n Sala das Sess\u00f5es \u201cJosefa Gon\u00e7alves\u201d, em 07 de novembro de 2023.\r\n\r\n\r\n\r\n Vereador Benedito Aur\u00e9lio, PP.","indexacao":"","observacao":"","resultado":"","texto_original":"http://sapl.pocone.mt.leg.br/media/sapl/public/materialegislativa/2023/2648/mocao_de_aplauso_no_010-2023_benedito_aureliopdf.pdf","data_ultima_atualizacao":"2023-11-09T13:42:23.531025-03:00","ip":"201.71.140.251","ultima_edicao":"2023-11-09T13:41:45.454511-03:00","tipo":6,"regime_tramitacao":1,"tipo_origem_externa":null,"local_origem_externa":null,"user":9,"anexadas":[],"autores":[19]}