{"id":2646,"__str__":"INDICA\u00c7\u00d5ES n\u00ba 427 de 2023","link_detail_backend":"/materia/2646","metadata":{},"numero":427,"ano":2023,"numero_protocolo":null,"data_apresentacao":"2023-11-07","tipo_apresentacao":"E","data_publicacao":null,"numero_origem_externa":"","ano_origem_externa":null,"data_origem_externa":null,"apelido":"","dias_prazo":null,"data_fim_prazo":null,"em_tramitacao":false,"polemica":false,"objeto":"","complementar":false,"ementa":"Exm\u00ba. Sr\u00ba. Presidente da C\u00e2mara Municipal de Pocon\u00e9-MT.\r\n\r\n   A Vereadora que a esta subscreve, nos termos do Regimento Interno desta Casa, ouvido o Plen\u00e1rio, Indica as Suas Excel\u00eancias Ata\u00edl Marques do Amaral, Prefeito Municipal, Ney Rondon Marques, Secret\u00e1rio Municipal de Infraestrutura, para que implante novamente faixa de pedestre na esquina da C\u00e2mara dos Vereadores que d\u00e1 acesso ao outro lado do terceiro canteiro da Pra\u00e7a da Matriz.\r\n\r\nQue seja reimplantada tamb\u00e9m a faixa de pedestres entre o com\u00e9rcio Italian\u00edssimo e auto escola.\r\n\r\nQue seja feito as podas das arvores a frente ao pr\u00e9dio da C\u00e2mara dos Vereadores.\r\n\r\nSala das Sess\u00f5es \u201cJosefa Gon\u00e7alves\u201d, em 07 de novembro de 2023.\r\n                \r\n\r\nVereadora Jossielma Silva, PTB.","indexacao":"","observacao":"","resultado":"","texto_original":"http://sapl.pocone.mt.leg.br/media/sapl/public/materialegislativa/2023/2646/indicacao_no_033-2023.pdf","data_ultima_atualizacao":"2023-11-09T13:13:49.495728-03:00","ip":"201.71.140.251","ultima_edicao":"2023-11-09T13:11:53.597581-03:00","tipo":7,"regime_tramitacao":1,"tipo_origem_externa":null,"local_origem_externa":null,"user":9,"anexadas":[],"autores":[27]}