{"id":2641,"__str__":"INDICA\u00c7\u00d5ES n\u00ba 422 de 2023","link_detail_backend":"/materia/2641","metadata":{},"numero":422,"ano":2023,"numero_protocolo":null,"data_apresentacao":"2023-11-07","tipo_apresentacao":"E","data_publicacao":null,"numero_origem_externa":"","ano_origem_externa":null,"data_origem_externa":null,"apelido":"","dias_prazo":null,"data_fim_prazo":null,"em_tramitacao":false,"polemica":false,"objeto":"","complementar":false,"ementa":"Exm\u00ba.Sr.Presidente da C\u00e2mara Municipal de Pocon\u00e9-MT.\r\n\r\nO Vereador que a esta subscreve, nos termos do Regimento Interno da Casa, INDICA as Suas Excel\u00eancias Ata\u00edl Marques do Amaral, Prefeito Municipal, Ney Rondon Marques, Secret\u00e1rio Municipal de Infraestrutura, no sentido de viabilizar servi\u00e7os de tapa buraco na Rua Leonideo de Paula Correa, localizada no bairro Are\u00e3o, proximidade do Mercado Amazonas, cidade de Pocon\u00e9 \u2013 MT.\r\n\t\r\nLevar esse servi\u00e7o na via p\u00fablica mencionada, faz necess\u00e1rio devido exist\u00eancias de buracos, alguns de grande propor\u00e7\u00f5es, trazendo s\u00e9rias conseq\u00fc\u00eancias no tr\u00e2nsito, faz necess\u00e1rio a realiza\u00e7\u00e3o de uma opera\u00e7\u00e3o tapa buraco, pela qual esperamos contar com tomadas de provid\u00eancias por parte do Poder Executivo para solucionar os problemas.\r\n\r\n                     Sala das Sess\u00f5es \u201cJosefa Gon\u00e7alves\u201d, em 07 de novembro de 2023.\r\n\r\n\r\n\r\n                     Ver. M\u00e1rcio Fernandes, \u201cMarcinho\u201d, MDB.","indexacao":"","observacao":"","resultado":"","texto_original":"http://sapl.pocone.mt.leg.br/media/sapl/public/materialegislativa/2023/2641/indicacao_no_091-2023.pdf","data_ultima_atualizacao":"2023-11-09T13:03:52.174613-03:00","ip":"201.71.140.251","ultima_edicao":"2023-11-09T13:03:04.234364-03:00","tipo":7,"regime_tramitacao":1,"tipo_origem_externa":null,"local_origem_externa":null,"user":9,"anexadas":[],"autores":[21]}