{"id":2626,"__str__":"INDICA\u00c7\u00d5ES n\u00ba 410 de 2023","link_detail_backend":"/materia/2626","metadata":{},"numero":410,"ano":2023,"numero_protocolo":null,"data_apresentacao":"2023-10-24","tipo_apresentacao":"E","data_publicacao":null,"numero_origem_externa":"","ano_origem_externa":null,"data_origem_externa":null,"apelido":"","dias_prazo":null,"data_fim_prazo":null,"em_tramitacao":false,"polemica":false,"objeto":"","complementar":false,"ementa":"Exm\u00ba. Sr\u00ba. Presidente da C\u00e2mara Municipal de Pocon\u00e9 \u2013 MT.\r\n\r\n  O Vereador que a este subscreve, nos termos do Regimento Interno da Casa, ouvindo o Plen\u00e1rio, INDICA as Suas Excel\u00eancias Ata\u00edl Marques do Amaral, Prefeito Municipal, Ornella Ros\u00e1rio Proen\u00e7a Moraes Falc\u00e3o, Secret\u00e1ria Municipal de Educa\u00e7\u00e3o, buscar entendimentos com a reitoria da Universidade do Estado de Mato Grosso (UNEMAT), visando celebra\u00e7\u00e3o de parceria/conv\u00eanio para a implanta\u00e7\u00e3o do Polo da UNEMAT no munic\u00edpio de Pocon\u00e9, para o devido funcionamento de cursos de gradua\u00e7\u00e3o superior, com in\u00edcio no ano de 2024.\r\n\r\nSala das Sess\u00f5es \u201cJosefa Gon\u00e7alves\u201d, em 24 de outubro de 2023.\r\n\r\nVereador Sergio Maracan\u00e3, PSB.","indexacao":"","observacao":"","resultado":"","texto_original":"http://sapl.pocone.mt.leg.br/media/sapl/public/materialegislativa/2023/2626/indicacao_no_055-2023..pdf","data_ultima_atualizacao":"2023-11-06T09:20:11.119133-03:00","ip":"201.71.140.251","ultima_edicao":"2023-11-06T09:15:31.102714-03:00","tipo":7,"regime_tramitacao":1,"tipo_origem_externa":null,"local_origem_externa":null,"user":9,"anexadas":[],"autores":[21]}