{"id":2614,"__str__":"INDICA\u00c7\u00d5ES n\u00ba 398 de 2023","link_detail_backend":"/materia/2614","metadata":{},"numero":398,"ano":2023,"numero_protocolo":null,"data_apresentacao":"2023-10-17","tipo_apresentacao":"E","data_publicacao":null,"numero_origem_externa":"","ano_origem_externa":null,"data_origem_externa":null,"apelido":"","dias_prazo":null,"data_fim_prazo":null,"em_tramitacao":false,"polemica":false,"objeto":"","complementar":false,"ementa":"Exm\u00ba. Sr. Presidente da C\u00e2mara Municipal de Pocon\u00e9-MT.\r\n\r\n\r\n                          A vereadora que a esta subscreve, nos termos do Regimento Interno da Casa, INDICA as Suas Excel\u00eancias Ata\u00edl Marques do Amaral, Prefeito Municipal, Ney Rondon Marques, Secret\u00e1rio Municipal de Infraestrutura, a necessidade de efetuar reparos que se fazem necess\u00e1rios patrolamento, coloca\u00e7\u00e3o de cascalhos nos pontos cr\u00edticos da estrada que d\u00e1 acesso a Comunidade Morrinho, munic\u00edpio de Pocon\u00e9 \u2013 MT.   \r\n\r\n\r\nAtendendo a justa reivindica\u00e7\u00e3o de fam\u00edlias residentes, proporcionar meios de trafegabilidade com seguran\u00e7a nesta localidade devido \u00e1 falta de manuten\u00e7\u00e3o constante a estrada encontra-se com v\u00e1rios buracos, em raz\u00e3o disso \u00e9 que solicitamos ao Poder Executivo priorizar a realiza\u00e7\u00e3o destes servi\u00e7os objetivando oferecer a todos meios para se deslocarem com seguran\u00e7a.\r\n\r\n\r\n                        Sala das Sess\u00f5es \u201cJosefa Gon\u00e7alves\u201d, 10 de outubro de 2023.\r\n\r\n      \r\n\r\n                         Vereadora Jocilma Amaral, UB","indexacao":"","observacao":"","resultado":"","texto_original":"http://sapl.pocone.mt.leg.br/media/sapl/public/materialegislativa/2023/2614/indicacao_-vereadora_jocilma_no_017-2023.pdf","data_ultima_atualizacao":"2023-10-23T09:08:32.787140-03:00","ip":"201.71.140.251","ultima_edicao":"2023-10-23T09:05:59.044070-03:00","tipo":7,"regime_tramitacao":1,"tipo_origem_externa":null,"local_origem_externa":null,"user":9,"anexadas":[],"autores":[26]}