{"id":2600,"__str__":"INDICA\u00c7\u00d5ES n\u00ba 389 de 2023","link_detail_backend":"/materia/2600","metadata":{},"numero":389,"ano":2023,"numero_protocolo":null,"data_apresentacao":"2023-10-10","tipo_apresentacao":"E","data_publicacao":null,"numero_origem_externa":"","ano_origem_externa":null,"data_origem_externa":null,"apelido":"","dias_prazo":null,"data_fim_prazo":null,"em_tramitacao":false,"polemica":false,"objeto":"","complementar":false,"ementa":"Exm\u00ba. Sr\u00ba. Presidente da C\u00e2mara Municipal de Pocon\u00e9 - MT.\r\n\r\n                       O Vereador que a esta subscreve, nos termos do Regimento Interno da Casa, INDICA as Suas Excel\u00eancias Ata\u00edl Marques do Amaral, Prefeito Municipal, Amarildo Schmieleski, Secret\u00e1rio Municipal de Desenvolvimento Agropecu\u00e1rio e Rural, no sentido de buscar entendimento com objetivo de adquirir um Resfriador de Leite com capacidade de 500 litros, para atender fam\u00edlias produtoras residentes na Comunidade Cachoeira, da cadeia produtiva de leite, munic\u00edpio de Pocon\u00e9 - MT.\r\n\r\nJustificamos a iniciativa tendo em vista que fomos procurados por produtores rurais, haja vista da necessidade de um resfriador de leite, devido ao aumento na produ\u00e7\u00e3o de leite, para manter a qualidade do produto armazenado para posterior comercializa\u00e7\u00e3o. \r\n \r\n\r\n Sala das Sess\u00f5es \u201cJosefa Gon\u00e7alves\u201d, em 10 de outubro de 2023.\r\n\r\n\r\n\r\nVereador Sergio Maracan\u00e3, PSB","indexacao":"","observacao":"","resultado":"","texto_original":"http://sapl.pocone.mt.leg.br/media/sapl/public/materialegislativa/2023/2600/indicacao_no_053-2023..pdf","data_ultima_atualizacao":"2023-10-17T13:08:39.555970-03:00","ip":"201.71.140.251","ultima_edicao":"2023-10-17T13:07:52.580652-03:00","tipo":7,"regime_tramitacao":1,"tipo_origem_externa":null,"local_origem_externa":null,"user":9,"anexadas":[],"autores":[24]}