{"id":2594,"__str__":"MO\u00c7\u00d5ES n\u00ba 69 de 2023","link_detail_backend":"/materia/2594","metadata":{},"numero":69,"ano":2023,"numero_protocolo":null,"data_apresentacao":"2023-10-03","tipo_apresentacao":"E","data_publicacao":null,"numero_origem_externa":"","ano_origem_externa":null,"data_origem_externa":null,"apelido":"","dias_prazo":null,"data_fim_prazo":null,"em_tramitacao":false,"polemica":false,"objeto":"","complementar":false,"ementa":"A C\u00e2mara Municipal de Pocon\u00e9, Estado de Mato Grosso, atrav\u00e9s dos Vereadores que a comp\u00f5em leg\u00edtimo representante do povo poconeano apresenta Mo\u00e7\u00e3o de Aplausos dirigidos a Comiss\u00e3o de Permanente de Licita\u00e7\u00e3o da Prefeitura Municipal de Pocon\u00e9, Erasmo Paulo de Lima, Presidente da CPL, aos Senhores Ata\u00edl Marques do Amaral, Prefeito Municipal, Jos\u00e9 Joadir do Amaral J\u00fanior, Secret\u00e1rio Municipal de Desenvolvimento Econ\u00f4mico e Urbano, Lucas Martins do Carmo, Administrador do Aer\u00f3dromo Municipal, pelos esfor\u00e7os desprendidos para a conclus\u00e3o e publica\u00e7\u00e3o do Processo Licitat\u00f3rio \u2013 Concorr\u00eancia P\u00fablica n\u00ba 001/2023, publicado no Jornal Oficial Eletr\u00f4nico dos Munic\u00edpios de Mato Grosso, para contrata\u00e7\u00e3o de empresa para constru\u00e7\u00e3o e pavimenta\u00e7\u00e3o do aer\u00f3dromo relativo aos servi\u00e7os de constru\u00e7\u00e3o da pista de pouso e decolagem, pista de t\u00e1xi e p\u00e1tio de aeronave do aeroporto de Pocon\u00e9, estabelecendo prazo para abertura das propostas no dia 31 de outubro de 2023, na sala de Licita\u00e7\u00e3o da Prefeitura Municipal","indexacao":"","observacao":"","resultado":"","texto_original":"http://sapl.pocone.mt.leg.br/media/sapl/public/materialegislativa/2023/2594/mocao_de_aplauso_no_007-2023.pdf","data_ultima_atualizacao":"2023-10-17T11:35:33.299005-03:00","ip":"201.71.140.251","ultima_edicao":"2023-10-17T11:34:25.240557-03:00","tipo":6,"regime_tramitacao":1,"tipo_origem_externa":null,"local_origem_externa":null,"user":9,"anexadas":[],"autores":[26]}