{"id":2569,"__str__":"REQUERIMENTOS COMUNS n\u00ba 41 de 2023","link_detail_backend":"/materia/2569","metadata":{},"numero":41,"ano":2023,"numero_protocolo":null,"data_apresentacao":"2023-09-26","tipo_apresentacao":"E","data_publicacao":"2023-09-27","numero_origem_externa":"03","ano_origem_externa":2023,"data_origem_externa":"2023-09-27","apelido":"","dias_prazo":null,"data_fim_prazo":null,"em_tramitacao":false,"polemica":false,"objeto":"","complementar":false,"ementa":"O Vereador que a este subscreve, nos termos do Regimento Interno da Casa, ouvido o Plen\u00e1rio, REQUER a Mesa Diretora, ouvido o Plen\u00e1rio, seja oficializado senhor Ata\u00edl Marques do Amaral, Prefeito Municipal, no sentido de prestar esclarecimentos \u00e0 C\u00e2mara Municipal sobre a despolpadeira que era pra ser utilizada pelos pequenos agricultores e produtores rurais e hoje se encontra em total abandono:\r\n \r\nI) Por que est\u00e1 sem produzir? N\u00e3o existem demandas?\r\nII)  Os maquin\u00e1rios adquiridos onde est\u00e3o, quais s\u00e3o eles e quantitativos, se est\u00e3o patrimoniados, quais os n\u00fameros patrimoniais?\r\nIII) J\u00e1 veio algum recurso estadual ou federal? Valores caso vieram e como foram aplicados?\r\nIV) Tem alguma associa\u00e7\u00e3o ou produtores que est\u00e3o levando suas mat\u00e9rias primas para a despolpadeira? Se n\u00e3o porque motivo n\u00e3o ouve um programa visando \u00e0 utiliza\u00e7\u00e3o daquele local em prol dos pequenos agricultores.","indexacao":"","observacao":"","resultado":"","texto_original":"http://sapl.pocone.mt.leg.br/media/sapl/public/materialegislativa/2023/2569/requerimento_no_003-2023...pdf","data_ultima_atualizacao":"2023-09-27T11:16:23.825688-03:00","ip":"201.71.140.251","ultima_edicao":"2023-09-27T11:15:10.222243-03:00","tipo":5,"regime_tramitacao":1,"tipo_origem_externa":5,"local_origem_externa":1,"user":9,"anexadas":[],"autores":[23]}