{"id":2568,"__str__":"INDICA\u00c7\u00d5ES n\u00ba 365 de 2023","link_detail_backend":"/materia/2568","metadata":{},"numero":365,"ano":2023,"numero_protocolo":null,"data_apresentacao":"2023-09-26","tipo_apresentacao":"E","data_publicacao":"2023-09-27","numero_origem_externa":"13","ano_origem_externa":2023,"data_origem_externa":"2023-09-27","apelido":"","dias_prazo":null,"data_fim_prazo":null,"em_tramitacao":false,"polemica":false,"objeto":"","complementar":false,"ementa":"O Vereador que a esta subscreve, nos termos do Regimento Interno da Casa, ouvido o Plen\u00e1rio, Indica a Sua Excel\u00eancia Ata\u00edl Marques do Amaral, Prefeito Municipal, a necessidade de tomadas de provid\u00eancias para inserir no Plano de Trabalho da Prefeitura Municipal de Pocon\u00e9, a reforma/revitaliza\u00e7\u00e3o do Centro Comunit\u00e1rio, localizado no Distrito de Cangas \u2013 Pocon\u00e9/MT, que se encontra abandonado, com entulhos amontoados, paredes e telhados caindo em total abandono.","indexacao":"","observacao":"","resultado":"","texto_original":"http://sapl.pocone.mt.leg.br/media/sapl/public/materialegislativa/2023/2568/indicacao_no_013-2023.pdf","data_ultima_atualizacao":"2023-09-27T11:14:59.359730-03:00","ip":"201.71.140.251","ultima_edicao":"2023-09-27T11:14:06.284518-03:00","tipo":7,"regime_tramitacao":1,"tipo_origem_externa":7,"local_origem_externa":1,"user":9,"anexadas":[],"autores":[23]}