{"id":2555,"__str__":"REQUERIMENTOS COMUNS n\u00ba 40 de 2023","link_detail_backend":"/materia/2555","metadata":{},"numero":40,"ano":2023,"numero_protocolo":null,"data_apresentacao":"2023-09-19","tipo_apresentacao":"E","data_publicacao":"2023-09-22","numero_origem_externa":"02","ano_origem_externa":2023,"data_origem_externa":"2023-09-22","apelido":"","dias_prazo":null,"data_fim_prazo":null,"em_tramitacao":false,"polemica":false,"objeto":"","complementar":false,"ementa":"O Vereador que a este subscreve, nos termos do Regimento Interno da Casa, ouvido o Plen\u00e1rio, REQUER a Mesa Diretora, ouvido o Plen\u00e1rio, sejam oficializados senhor Ata\u00edl Marques do Amaral, Prefeito Municipal, senhoras Viviane Cristina da Silva Lemes, Secret\u00e1ria Municipal de Planejamento e Administra\u00e7\u00e3o, Ilma Regina Figueiredo Arruda, Secret\u00e1ria Municipal de Sa\u00fade, no sentido de prestar esclarecimentos \u00e0 C\u00e2mara Municipal sobre a obra p\u00fablica: Reforma/adequa\u00e7\u00e3o na estrutura f\u00edsica da UPA, Jaime Ver\u00edssimo de Campos J\u00fanior \u201cJaiminho\u201d, situada no bairro Santa Teresinha, cidade de Pocon\u00e9-MT, no que se refere:\r\n\r\nI) Por qual motivos levou a administra\u00e7\u00e3o p\u00fablica a fazer a reforma, adequa\u00e7\u00e3o?\r\nII)  Qual o valor da obra?\r\nIII) Qual empresa est\u00e1 executando a obra?\r\nIV) Origem dos recursos? Pr\u00f3prios ou Emenda Parlamentar? E em qual fonte saiu esse recurso?\r\nV) Qual o prazo do t\u00e9rmino da obra? E quais os setores que est\u00e3o sendo reformados, ampliados?\r\nVI)   Anexar a tabela de pr","indexacao":"","observacao":"","resultado":"","texto_original":"http://sapl.pocone.mt.leg.br/media/sapl/public/materialegislativa/2023/2555/requerimento_no_002-2023...pdf","data_ultima_atualizacao":"2023-09-22T13:39:09.220563-03:00","ip":"201.71.140.251","ultima_edicao":"2023-09-22T13:37:15.351672-03:00","tipo":5,"regime_tramitacao":1,"tipo_origem_externa":5,"local_origem_externa":1,"user":9,"anexadas":[],"autores":[23]}