{"id":2542,"__str__":"MO\u00c7\u00c3O DE PESAR n\u00ba 24 de 2023","link_detail_backend":"/materia/2542","metadata":{},"numero":24,"ano":2023,"numero_protocolo":null,"data_apresentacao":"2023-09-12","tipo_apresentacao":"E","data_publicacao":"2023-09-19","numero_origem_externa":"05","ano_origem_externa":2023,"data_origem_externa":null,"apelido":"","dias_prazo":null,"data_fim_prazo":null,"em_tramitacao":false,"polemica":false,"objeto":"","complementar":false,"ementa":"A C\u00e2mara Municipal de Pocon\u00e9, Estado de Mato Grosso, atrav\u00e9s dos Vereadores que a comp\u00f5em leg\u00edtimo representante do povo poconeano apresenta condol\u00eancias aos familiares da senhora Caetana Correa da Costa Santos, pelo o seu falecimento ocorrido no dia 10 de setembro de 2023.","indexacao":"","observacao":"","resultado":"","texto_original":"http://sapl.pocone.mt.leg.br/media/sapl/public/materialegislativa/2023/2542/mocao_de_pesar_no_005-2023..pdf","data_ultima_atualizacao":"2023-09-19T21:12:07.166091-03:00","ip":"201.71.140.251","ultima_edicao":"2023-09-19T21:10:35.261811-03:00","tipo":8,"regime_tramitacao":1,"tipo_origem_externa":8,"local_origem_externa":3,"user":9,"anexadas":[],"autores":[19]}