{"id":2541,"__str__":"INDICA\u00c7\u00d5ES n\u00ba 349 de 2023","link_detail_backend":"/materia/2541","metadata":{},"numero":349,"ano":2023,"numero_protocolo":null,"data_apresentacao":"2023-09-12","tipo_apresentacao":"E","data_publicacao":"2023-09-19","numero_origem_externa":"04","ano_origem_externa":2023,"data_origem_externa":"2023-09-19","apelido":"","dias_prazo":null,"data_fim_prazo":null,"em_tramitacao":false,"polemica":false,"objeto":"","complementar":false,"ementa":"O Vereador que a esta subscreve, nos termos do Regimento Interno da Casa, ouvido o Plen\u00e1rio, Indica as Suas Excel\u00eancias Mauro Mendes, Governador do Estado de Mato Grosso, Gilberto Figueiredo, Secret\u00e1rio de Estado de Sa\u00fade, no sentido de buscar entendimentos e tomadas de provid\u00eancias, visando aquisi\u00e7\u00e3o de equipamento Raio X Moderno, para ser destinado a UPA Jaime Ver\u00edssimo de Campos J\u00fanior, \u201cJaiminho\u201d,  situado no bairro Santa Teresinha,  cidade de Pocon\u00e9 \u2013 MT, afim de melhorar o atendimento em raz\u00e3o de que o existente n\u00e3o atende a demanda e constantemente apresenta problemas e alto custo mensal para o munic\u00edpio.","indexacao":"","observacao":"","resultado":"","texto_original":"http://sapl.pocone.mt.leg.br/media/sapl/public/materialegislativa/2023/2541/indicacao_no_004-2023..pdf","data_ultima_atualizacao":"2023-09-19T21:10:26.187140-03:00","ip":"201.71.140.251","ultima_edicao":"2023-09-19T21:07:30.838599-03:00","tipo":7,"regime_tramitacao":1,"tipo_origem_externa":7,"local_origem_externa":1,"user":9,"anexadas":[],"autores":[25]}