{"id":2539,"__str__":"INDICA\u00c7\u00d5ES n\u00ba 347 de 2023","link_detail_backend":"/materia/2539","metadata":{},"numero":347,"ano":2023,"numero_protocolo":null,"data_apresentacao":"2023-09-12","tipo_apresentacao":"E","data_publicacao":"2023-09-19","numero_origem_externa":"77","ano_origem_externa":2023,"data_origem_externa":"2023-09-19","apelido":"","dias_prazo":null,"data_fim_prazo":null,"em_tramitacao":false,"polemica":false,"objeto":"","complementar":false,"ementa":"O vereador que a esta subscreve, nos termos do Regimento Interno da Casa, ouvido o Plen\u00e1rio, Indica a Concession\u00e1ria Energisa, no sentido de buscar entendimentos e tomadas de provid\u00eancias junto ao setor competente para promover a manuten\u00e7\u00e3o e/ou vistoria da rede de energia el\u00e9trica na regi\u00e3o do Porto Cercado, imedia\u00e7\u00f5es da estrada Armando Gomes Ferreira, Moqu\u00e9m, Porto do Mangueiral, sentido Ribeir\u00e3o, no munic\u00edpio Pocon\u00e9 \u2013 MT.","indexacao":"","observacao":"","resultado":"","texto_original":"http://sapl.pocone.mt.leg.br/media/sapl/public/materialegislativa/2023/2539/indicacao_no_077-2023.pdf","data_ultima_atualizacao":"2023-09-19T21:05:13.432128-03:00","ip":"201.71.140.251","ultima_edicao":"2023-09-19T21:02:59.501636-03:00","tipo":7,"regime_tramitacao":1,"tipo_origem_externa":7,"local_origem_externa":3,"user":9,"anexadas":[],"autores":[21]}