{"id":2533,"__str__":"INDICA\u00c7\u00d5ES n\u00ba 341 de 2023","link_detail_backend":"/materia/2533","metadata":{},"numero":341,"ano":2023,"numero_protocolo":null,"data_apresentacao":"2023-09-12","tipo_apresentacao":"E","data_publicacao":"2023-09-19","numero_origem_externa":"49","ano_origem_externa":2023,"data_origem_externa":null,"apelido":"","dias_prazo":null,"data_fim_prazo":null,"em_tramitacao":false,"polemica":false,"objeto":"","complementar":false,"ementa":"O Vereador que a este subscreve, nos termos do Regimento Interno da Casa, ouvindo o Plen\u00e1rio, INDICA a Sua Excel\u00eancia Ata\u00edl Marques do Amaral, Prefeito Municipal, para que providencie a ades\u00e3o de Pocon\u00e9 pela assessoria de imprensa para criar, reeditar, atualizar uma campanha publicit\u00e1ria \u201cDESCUBRA POCON\u00c9\u201d.","indexacao":"","observacao":"","resultado":"","texto_original":"http://sapl.pocone.mt.leg.br/media/sapl/public/materialegislativa/2023/2533/indicacao_no_049-2023..pdf","data_ultima_atualizacao":"2023-09-19T20:52:45.346309-03:00","ip":"201.71.140.251","ultima_edicao":"2023-09-19T20:51:55.497694-03:00","tipo":7,"regime_tramitacao":1,"tipo_origem_externa":7,"local_origem_externa":1,"user":9,"anexadas":[],"autores":[22]}