{"id":2525,"__str__":"INDICA\u00c7\u00d5ES n\u00ba 333 de 2023","link_detail_backend":"/materia/2525","metadata":{},"numero":333,"ano":2023,"numero_protocolo":null,"data_apresentacao":"2023-09-12","tipo_apresentacao":"E","data_publicacao":"2023-09-19","numero_origem_externa":"43","ano_origem_externa":2023,"data_origem_externa":"2023-09-19","apelido":"","dias_prazo":null,"data_fim_prazo":null,"em_tramitacao":false,"polemica":false,"objeto":"","complementar":false,"ementa":"O vereador que a esta subscreve, nos termos do Regimento Interno da Casa, Indica a Sua Excel\u00eancia Ata\u00edl Marques do Amaral, Prefeito Municipal, no sentido de buscar entendimentos e tomadas de provid\u00eancias para assegurar recursos financeiros  pr\u00f3prios, ou atrav\u00e9s do Governo do Estado ou via emenda parlamentar, destinado para a Prefeitura Municipal de Pocon\u00e9, fazer servi\u00e7o de asfalto, sarjeta e meio fio na Rua Jo\u00e3o Felix da Silva, \u201cJo\u00e3o Tora\u201d localizada no Bairro Cruz Preta, no munic\u00edpio de Pocon\u00e9 - MT.","indexacao":"","observacao":"","resultado":"","texto_original":null,"data_ultima_atualizacao":"2023-09-19T20:33:52.848790-03:00","ip":"201.71.140.251","ultima_edicao":"2023-09-19T20:32:38.955353-03:00","tipo":7,"regime_tramitacao":1,"tipo_origem_externa":7,"local_origem_externa":1,"user":9,"anexadas":[],"autores":[19]}