{"id":2522,"__str__":"INDICA\u00c7\u00d5ES n\u00ba 330 de 2023","link_detail_backend":"/materia/2522","metadata":{},"numero":330,"ano":2023,"numero_protocolo":null,"data_apresentacao":"2023-09-05","tipo_apresentacao":"E","data_publicacao":"2023-09-14","numero_origem_externa":"005","ano_origem_externa":2023,"data_origem_externa":null,"apelido":"","dias_prazo":null,"data_fim_prazo":null,"em_tramitacao":false,"polemica":false,"objeto":"","complementar":false,"ementa":"O Vereador que a esta subscreve, nos termos do Regimento Interno da Casa, INDICA as Suas Excel\u00eancias Ata\u00edl Marques do Amaral Prefeito Municipal, Ornella Ros\u00e1rio Proen\u00e7a Moraes Falc\u00e3o Secret\u00e1ria Municipal de Educa\u00e7\u00e3o, no sentido de viabilizar estudo e tomadas de providencias para que sejam realizada uma semana de Campanha de  Diagn\u00f3stico precoce do TEA (Transtorno do Espectro Autista) aos alunos de 1 a 6 anos das CMEIS e Creches, que os professores percebem alguns comportamentos que podem apontar para o autismo e sejam avaliados por uma equipe multidisciplinar da sa\u00fade municipal com autoriza\u00e7\u00e3o da fam\u00edlia (fonoaudi\u00f3loga, psic\u00f3loga e neuropediatra ou psiquiatra infantil).","indexacao":"","observacao":"","resultado":"","texto_original":"http://sapl.pocone.mt.leg.br/media/sapl/public/materialegislativa/2023/2522/indicacao_no_005-2023.pdf","data_ultima_atualizacao":"2023-09-14T09:03:41.449383-03:00","ip":"201.71.140.251","ultima_edicao":"2023-09-14T09:02:46.293433-03:00","tipo":7,"regime_tramitacao":1,"tipo_origem_externa":7,"local_origem_externa":1,"user":9,"anexadas":[],"autores":[3]}