{"id":2519,"__str__":"INDICA\u00c7\u00d5ES n\u00ba 327 de 2023","link_detail_backend":"/materia/2519","metadata":{},"numero":327,"ano":2023,"numero_protocolo":null,"data_apresentacao":"2023-09-05","tipo_apresentacao":"E","data_publicacao":"2023-09-14","numero_origem_externa":"44","ano_origem_externa":2023,"data_origem_externa":null,"apelido":"","dias_prazo":null,"data_fim_prazo":null,"em_tramitacao":false,"polemica":false,"objeto":"","complementar":false,"ementa":"O vereador que a esta subscreve, nos termos do Regimento Interno da Casa, INDICA as Suas Excel\u00eancias Ata\u00edl Marques do Amaral, Prefeito Municipal, Ney Rondon Marques, Secret\u00e1rio Municipal de Infraestrutura, Jos\u00e9 Joadir do Amaral J\u00fanior, Secret\u00e1rio Municipal de Desenvolvimento Urbano e Econ\u00f4mico, realizar estudo e provid\u00eancia no sentido de instalar placas de sinaliza\u00e7\u00e3o e faixa elevada de pedestres na Rua 07 de Setembro, Centro, proximidade da estrutura f\u00edsica que abriga o Projeto Ser Crian\u00e7a, cidade de Pocon\u00e9-MT.","indexacao":"","observacao":"","resultado":"","texto_original":"http://sapl.pocone.mt.leg.br/media/sapl/public/materialegislativa/2023/2519/indicacao_no_044-2023..pdf","data_ultima_atualizacao":"2023-09-14T08:59:36.918961-03:00","ip":"201.71.140.251","ultima_edicao":"2023-09-14T08:57:02.921900-03:00","tipo":7,"regime_tramitacao":1,"tipo_origem_externa":7,"local_origem_externa":1,"user":9,"anexadas":[],"autores":[24]}