{"id":2517,"__str__":"INDICA\u00c7\u00d5ES n\u00ba 325 de 2023","link_detail_backend":"/materia/2517","metadata":{},"numero":325,"ano":2023,"numero_protocolo":null,"data_apresentacao":"2023-09-05","tipo_apresentacao":"E","data_publicacao":"2023-09-14","numero_origem_externa":"44","ano_origem_externa":2023,"data_origem_externa":"2023-09-14","apelido":"","dias_prazo":null,"data_fim_prazo":null,"em_tramitacao":false,"polemica":false,"objeto":"","complementar":false,"ementa":"O Vereador que a esta subscreve, nos termos do Regimento Interno da Casa, Indica as Suas Excel\u00eancias Mauro Mendes, Governador do Estado, Alan Resende Porto, Secret\u00e1rio de Estado de Educa\u00e7\u00e3o, no sentido de tomar as provid\u00eancias necess\u00e1rias para constru\u00e7\u00e3o de uma escola militar na cidade de Pocon\u00e9- MT.","indexacao":"","observacao":"","resultado":"","texto_original":"http://sapl.pocone.mt.leg.br/media/sapl/public/materialegislativa/2023/2517/indicacao_no_044-2023..pdf","data_ultima_atualizacao":"2023-09-14T08:55:15.267270-03:00","ip":"201.71.140.251","ultima_edicao":"2023-09-14T08:53:15.809245-03:00","tipo":7,"regime_tramitacao":1,"tipo_origem_externa":7,"local_origem_externa":2,"user":9,"anexadas":[],"autores":[22]}