{"id":2507,"__str__":"INDICA\u00c7\u00d5ES n\u00ba 320 de 2023","link_detail_backend":"/materia/2507","metadata":{},"numero":320,"ano":2023,"numero_protocolo":null,"data_apresentacao":"2023-09-05","tipo_apresentacao":"E","data_publicacao":"2023-09-13","numero_origem_externa":"73","ano_origem_externa":2023,"data_origem_externa":"2023-09-13","apelido":"","dias_prazo":null,"data_fim_prazo":null,"em_tramitacao":false,"polemica":false,"objeto":"","complementar":false,"ementa":"O Vereador que a esta subscreve, nos termos do Regimento Interno da Casa, INDICA as Suas Excel\u00eancias Ata\u00edl Marques do Amaral, Prefeito Municipal, Ornella Ros\u00e1rio Proen\u00e7a Moraes Falc\u00e3o, Secret\u00e1ria Municipal de Educa\u00e7\u00e3o, no sentido de tomar as provid\u00eancias necess\u00e1rias para fazer reforma/revitaliza\u00e7\u00e3o na estrutura f\u00edsica da Creche Municipal Vov\u00f3 Te\u00f3fila, localizada no Distrito de Nossa Senhora Aparecida do Chumbo, munic\u00edpio de Pocon\u00e9,","indexacao":"","observacao":"","resultado":"","texto_original":"http://sapl.pocone.mt.leg.br/media/sapl/public/materialegislativa/2023/2507/indicacao_no_073-2023.pdf","data_ultima_atualizacao":"2023-09-13T13:27:30.599134-03:00","ip":"201.71.140.251","ultima_edicao":"2023-09-13T13:25:16.775933-03:00","tipo":7,"regime_tramitacao":1,"tipo_origem_externa":7,"local_origem_externa":1,"user":9,"anexadas":[],"autores":[21]}