{"id":2504,"__str__":"REQUERIMENTOS COMUNS n\u00ba 37 de 2023","link_detail_backend":"/materia/2504","metadata":{},"numero":37,"ano":2023,"numero_protocolo":null,"data_apresentacao":"2023-08-22","tipo_apresentacao":"E","data_publicacao":null,"numero_origem_externa":"","ano_origem_externa":null,"data_origem_externa":null,"apelido":"","dias_prazo":null,"data_fim_prazo":null,"em_tramitacao":false,"polemica":false,"objeto":"","complementar":false,"ementa":"Exm\u00ba. Sr. Presidente da C\u00e2mara Municipal de Pocon\u00e9 - MT.\r\n\r\n\r\nO Vereador que a este subscreve, nos termos do Regimento Interno da Casa, ouvido o Plen\u00e1rio, REQUER a Mesa Diretora \u00e0 retirada de tramita\u00e7\u00e3o do Projeto de Lei n\u00ba 005/2023, de minha autoria, pro\u00edbe a Prefeitura de Pocon\u00e9 de realizar a contrata\u00e7\u00e3o de profissionais do setor art\u00edstico musical, diretamente ou por meio de empres\u00e1rio exclusivo, sob justificativa de inexigibilidade de licita\u00e7\u00e3o, com valor que ultrapasse R$ 50.000,00 (cinquenta mil reais).\r\n\r\n\r\n\r\n                   Sala das Sess\u00f5es \u201cJosefa Gon\u00e7alves\u201d, em 21 de agosto de 2023.\r\n\r\n\r\n\r\n\r\n                    Vereador F\u00e1bio de Oliveira, UB","indexacao":"","observacao":"","resultado":"","texto_original":"http://sapl.pocone.mt.leg.br/media/sapl/public/materialegislativa/2023/2504/requerimento_no_007-2023...pdf","data_ultima_atualizacao":"2023-08-24T12:25:35.107127-03:00","ip":"201.71.140.251","ultima_edicao":"2023-08-24T12:23:41.405347-03:00","tipo":5,"regime_tramitacao":1,"tipo_origem_externa":null,"local_origem_externa":null,"user":9,"anexadas":[],"autores":[22]}