{"id":2502,"__str__":"REQUERIMENTOS COMUNS n\u00ba 35 de 2023","link_detail_backend":"/materia/2502","metadata":{},"numero":35,"ano":2023,"numero_protocolo":null,"data_apresentacao":"2023-08-22","tipo_apresentacao":"E","data_publicacao":null,"numero_origem_externa":"","ano_origem_externa":null,"data_origem_externa":null,"apelido":"","dias_prazo":null,"data_fim_prazo":null,"em_tramitacao":false,"polemica":false,"objeto":"","complementar":false,"ementa":"Os Vereadores que a este subscreve, nos termos do Regimento Interno da Casa, ouvido o Plen\u00e1rio, REQUEREM a Mesa Diretora, ouvido o Plen\u00e1rio, sejam oficializados senhor Atail Marques do Amaral, Prefeito Municipal, senhora Viviane Cristina da Silva Lemes, Secret\u00e1ria Municipal de Planejamento e Administra\u00e7\u00e3o, para que viabilizem estudo e elabora\u00e7\u00e3o de projeto de lei tratando de autoriza\u00e7\u00e3o do Poder Legislativo para efetuar o rateio dos valores na ordem de R$ 208.468,00 recebidos atrav\u00e9s da Portaria GM/MS N.\u00ba 1.135, de 16 de agosto de 2023, do Minist\u00e9rio da Sa\u00fade relacionados \u00e0 transfer\u00eancia de recursos para a assist\u00eancia financeira complementar da Uni\u00e3o destinada ao cumprimento dos pisos salariais nacionais de enfermeiros, t\u00e9cnicos e auxiliares de enfermagem e parteiras no exerc\u00edcio de 2023. \r\nSala das Sess\u00f5es \u201cJosefa Gon\u00e7alves\u201d, em 22 de agosto de 2023.\r\n\r\nVer. Itamar Louren\u00e7o, PSB.  Ver. F\u00e1bio de Oliveira, UB. Ver. Benedito Aur\u00e9lio, PP.","indexacao":"","observacao":"","resultado":"","texto_original":"http://sapl.pocone.mt.leg.br/media/sapl/public/materialegislativa/2023/2502/requerimento_no_001-2023...pdf","data_ultima_atualizacao":"2023-08-24T12:20:30.426583-03:00","ip":"201.71.140.251","ultima_edicao":"2023-08-24T12:18:31.605169-03:00","tipo":5,"regime_tramitacao":1,"tipo_origem_externa":null,"local_origem_externa":null,"user":9,"anexadas":[],"autores":[23]}