{"id":2496,"__str__":"INDICA\u00c7\u00d5ES n\u00ba 318 de 2023","link_detail_backend":"/materia/2496","metadata":{},"numero":318,"ano":2023,"numero_protocolo":null,"data_apresentacao":"2023-08-22","tipo_apresentacao":"E","data_publicacao":null,"numero_origem_externa":"","ano_origem_externa":null,"data_origem_externa":null,"apelido":"","dias_prazo":null,"data_fim_prazo":null,"em_tramitacao":false,"polemica":false,"objeto":"","complementar":false,"ementa":"Exm. Sr. Presidente da C\u00e2mara Municipal de Pocon\u00e9-MT.\r\n\r\n\r\nA C\u00e2mara Municipal de Pocon\u00e9, Estado de Mato Grosso, atrav\u00e9s dos Vereadores que a comp\u00f5em leg\u00edtimo representante do povo poconeano apresenta condol\u00eancias aos familiares do Senhor Paulo Fernando de Carvalho, pelo o seu falecimento ocorrido no dia 18 de agosto de 2023. \r\n\r\n\r\n\u201cNeste momento dif\u00edcil pela qual passa os seus familiares a C\u00e2mara Municipal de Pocon\u00e9, se solidariza com a fam\u00edlia enlutada, rogando a Deus que envie o esp\u00edrito consolador para que os ampare e conforte\u201d.\r\n\r\n\r\n\t\r\nSala das Sess\u00f5es \u201cJosefa Gon\u00e7alves\u201d, em 18 de agosto de 2023.\r\n\r\n\r\n\r\n\r\n\r\nVereador Edinho Ball,UB.                    Vereador Luis Eduardo, \u201cDudu Carrapato\u201d, PSDB.","indexacao":"","observacao":"","resultado":"","texto_original":"http://sapl.pocone.mt.leg.br/media/sapl/public/materialegislativa/2023/2496/mocao_de_pesar__no_001-2023.pdf","data_ultima_atualizacao":"2023-08-24T10:24:10.967893-03:00","ip":"201.71.140.251","ultima_edicao":"2023-08-24T10:23:01.682999-03:00","tipo":7,"regime_tramitacao":1,"tipo_origem_externa":null,"local_origem_externa":null,"user":9,"anexadas":[],"autores":[3]}