{"id":2493,"__str__":"INDICA\u00c7\u00d5ES n\u00ba 315 de 2023","link_detail_backend":"/materia/2493","metadata":{},"numero":315,"ano":2023,"numero_protocolo":null,"data_apresentacao":"2023-08-22","tipo_apresentacao":"E","data_publicacao":null,"numero_origem_externa":"","ano_origem_externa":null,"data_origem_externa":null,"apelido":"","dias_prazo":null,"data_fim_prazo":null,"em_tramitacao":false,"polemica":false,"objeto":"","complementar":false,"ementa":"Exm\u00ba. Sr. Presidente da C\u00e2mara Municipal de Pocon\u00e9-MT.\r\n\r\nA Vereadora que a esta subscreve, nos termos do Regimento Interno da Casa, INDICA as Suas Excel\u00eancias Ata\u00edl Marques do Amaral, Prefeito Municipal, Ney Rondon Marques, Secret\u00e1rio Municipal de Infraestrutura, no sentido de tapar o buraco existente na Rua Campos Sales, Centro, cidade de Pocon\u00e9 \u2013 MT.\r\n\r\n \r\nSolucionar esse problema existente na citada via p\u00fablica, faz necess\u00e1rio em raz\u00e3o de estar trazendo s\u00e9rias conseq\u00fc\u00eancias no tr\u00e2nsito, principalmente para pedestres, al\u00e9m do que h\u00e1 cobran\u00e7as constantes de propriet\u00e1rios de estabelecimentos comerciais, transeuntes sendo prejudicados com a situa\u00e7\u00e3o, faz necess\u00e1rio a realiza\u00e7\u00e3o deste servi\u00e7o, pela qual esperamos contar com tomadas de provid\u00eancias por parte do Poder Executivo para solucionar o problema.\r\n\r\n                   \r\n                        Sala das Sess\u00f5es \u201cJosefa Gon\u00e7alves\u201d, 22 de agosto de 2023.\r\n\r\n                           \r\n\r\n                         Vereadora Jocilma Amaral,UB","indexacao":"","observacao":"","resultado":"","texto_original":"http://sapl.pocone.mt.leg.br/media/sapl/public/materialegislativa/2023/2493/indicacao_-vereadora_jocilma_no_011-2023.pdf","data_ultima_atualizacao":"2023-08-24T10:09:13.356895-03:00","ip":"201.71.140.251","ultima_edicao":"2023-08-24T10:08:22.127797-03:00","tipo":7,"regime_tramitacao":1,"tipo_origem_externa":null,"local_origem_externa":null,"user":9,"anexadas":[],"autores":[26]}