{"id":2491,"__str__":"INDICA\u00c7\u00d5ES n\u00ba 313 de 2023","link_detail_backend":"/materia/2491","metadata":{},"numero":313,"ano":2023,"numero_protocolo":null,"data_apresentacao":"2023-08-22","tipo_apresentacao":"E","data_publicacao":null,"numero_origem_externa":"","ano_origem_externa":null,"data_origem_externa":null,"apelido":"","dias_prazo":null,"data_fim_prazo":null,"em_tramitacao":false,"polemica":false,"objeto":"","complementar":false,"ementa":"Exm\u00ba. Sr. Presidente da C\u00e2mara Municipal de Pocon\u00e9-MT.\r\n\r\n                           O Vereador que a esta subscreve, nos termos do Regimento Interno da Casa, ouvido o Plen\u00e1rio, INDICA as Suas Excel\u00eancias Atail Marques do Amaral, Prefeito Municipal, Ilma Regina Figueiredo Arruda, Secret\u00e1ria Municipal de Sa\u00fade, buscar entendimentos e tomadas de providencias para contrata\u00e7\u00e3o de um dentista para atender crian\u00e7as e adolescentes especiais do munic\u00edpio de Pocon\u00e9/MT.\r\n\r\nSala das Sess\u00f5es \u201cJosefa Gon\u00e7alves\u201d, em 22 de agosto de 2023.\r\n\r\n\r\n  Vereador F\u00e1bio de Oliveira, UB.","indexacao":"","observacao":"","resultado":"","texto_original":"http://sapl.pocone.mt.leg.br/media/sapl/public/materialegislativa/2023/2491/indicacao_no_042-2023..pdf","data_ultima_atualizacao":"2023-08-24T10:04:44.886564-03:00","ip":"201.71.140.251","ultima_edicao":"2023-08-24T10:04:03.962131-03:00","tipo":7,"regime_tramitacao":1,"tipo_origem_externa":null,"local_origem_externa":null,"user":9,"anexadas":[],"autores":[22]}