{"id":2487,"__str__":"INDICA\u00c7\u00d5ES n\u00ba 309 de 2023","link_detail_backend":"/materia/2487","metadata":{},"numero":309,"ano":2023,"numero_protocolo":null,"data_apresentacao":"2023-08-22","tipo_apresentacao":"E","data_publicacao":null,"numero_origem_externa":"","ano_origem_externa":null,"data_origem_externa":null,"apelido":"","dias_prazo":null,"data_fim_prazo":null,"em_tramitacao":false,"polemica":false,"objeto":"","complementar":false,"ementa":"Exm\u00ba. Sr\u00ba. Presidente da C\u00e2mara Municipal de Pocon\u00e9-MT.\r\n\r\n   Os Vereadores que a esta subscreve, nos termos do Regimento Interno desta Casa, ouvido o Plen\u00e1rio, Indicam a Sua Excel\u00eancia Ata\u00edl Marques do Amaral, Prefeito Municipal, para que solicite junto a AMM (Associa\u00e7\u00e3o Mato-grossense dos Munic\u00edpios) o desenvolvimento de projeto arquitet\u00f4nico de BELVEDERE, (torres de observa\u00e7\u00e3o, contempla\u00e7\u00e3o e preven\u00e7\u00e3o) na extens\u00e3o da transpantaneira nos pontos onde est\u00e3o sendo constru\u00eddos os po\u00e7os artesianos e nos demais sugeridos por esta casa de leis ap\u00f3s audi\u00e7\u00e3o de autoridades, trade tur\u00edstico e ambientalista.\r\n\r\n Sala das Sess\u00f5es \u201cJosefa Gon\u00e7alves\u201d, em 22 de agosto de 2023.\r\n\r\n\t\r\n\r\n                        Vereadora Jossielma Silva, PTB.\r\n\r\n\r\n\r\n                        Vereador Luis Eduardo, \u201cDudu Carrapato\u201d, PSDB.","indexacao":"","observacao":"","resultado":"","texto_original":"http://sapl.pocone.mt.leg.br/media/sapl/public/materialegislativa/2023/2487/indicacao_no_024-2023.pdf","data_ultima_atualizacao":"2023-08-24T09:47:53.738731-03:00","ip":"201.71.140.251","ultima_edicao":"2023-08-24T09:47:11.748681-03:00","tipo":7,"regime_tramitacao":1,"tipo_origem_externa":null,"local_origem_externa":null,"user":9,"anexadas":[],"autores":[27]}