{"id":2486,"__str__":"INDICA\u00c7\u00d5ES n\u00ba 308 de 2023","link_detail_backend":"/materia/2486","metadata":{},"numero":308,"ano":2023,"numero_protocolo":null,"data_apresentacao":"2023-08-22","tipo_apresentacao":"E","data_publicacao":null,"numero_origem_externa":"","ano_origem_externa":null,"data_origem_externa":null,"apelido":"","dias_prazo":null,"data_fim_prazo":null,"em_tramitacao":false,"polemica":false,"objeto":"","complementar":false,"ementa":"A Vereadora que a esta subscreve, nos termos do Regimento Interno desta Casa, ouvido o Plen\u00e1rio, Indica as Suas Excel\u00eancias Ata\u00edl Marques do Amaral, Prefeito Municipal, Ney Rondon Marques, Secret\u00e1rio Municipal de Infraestrutura, buscar entendimentos e tomadas de provid\u00eancias a fim de efetuar limpeza p\u00fablica que se fazem necess\u00e1rios na Avenida An\u00edbal de Toledo, ap\u00f3s o bairro Boa Esperan\u00e7a, nas proximidades onde funcionava a Subesta\u00e7\u00e3o de energia, cidade de Pocon\u00e9 - MT.\r\n Justificamos a iniciativa tendo em vista a situa\u00e7\u00e3o que se encontra a via p\u00fablica, presen\u00e7as de matos, entulhos, lixos de v\u00e1rias naturezas amontoadas, como aproxima o per\u00edodo chuvoso a realiza\u00e7\u00e3o destes servi\u00e7os fazem necess\u00e1rios para evitar \u00e0 prolifera\u00e7\u00e3o de insetos e danos a sa\u00fade p\u00fablica, pelo o que esperamos contar com a acolhida no atendimento desta justa reivindica\u00e7\u00e3o.\r\n\r\nSala das Sess\u00f5es \u201cJosefa Gon\u00e7alves\u201d, em 22 de agosto de 2023.\r\n\r\nVereadora Jossielma Silva, PTB.","indexacao":"","observacao":"","resultado":"","texto_original":"http://sapl.pocone.mt.leg.br/media/sapl/public/materialegislativa/2023/2486/indicacao_no_023-2023.pdf","data_ultima_atualizacao":"2023-08-24T09:46:44.822816-03:00","ip":"201.71.140.251","ultima_edicao":"2023-08-24T09:45:00.710204-03:00","tipo":7,"regime_tramitacao":1,"tipo_origem_externa":null,"local_origem_externa":null,"user":9,"anexadas":[],"autores":[27]}