{"id":2481,"__str__":"MO\u00c7\u00d5ES n\u00ba 52 de 2023","link_detail_backend":"/materia/2481","metadata":{},"numero":52,"ano":2023,"numero_protocolo":null,"data_apresentacao":"2023-08-15","tipo_apresentacao":"E","data_publicacao":null,"numero_origem_externa":"","ano_origem_externa":null,"data_origem_externa":null,"apelido":"","dias_prazo":null,"data_fim_prazo":null,"em_tramitacao":false,"polemica":false,"objeto":"","complementar":false,"ementa":"Exm\u00ba. Sr. Presidente da C\u00e2mara Municipal de Pocon\u00e9-MT.\r\n\r\n                            A C\u00e2mara Municipal de Pocon\u00e9, Estado de Mato Grosso, atrav\u00e9s dos Vereadores que a comp\u00f5em leg\u00edtimo representante do povo poconeano apresenta Mo\u00e7\u00e3o de Aplausos aos Advogados Nelson Dias de Arruda J\u00fanior, Crislaine do Carmo F\u00e9lix da Silva, Joelson Elias de Arruda, Jo\u00e3o Batista de Arruda Fialho Costa, Ol\u00edmpio de Arruda Leite Neto, Lucas Guimar\u00e3es Rodrigues Gouveia, \u00c1lvaro Alexander de Oliveira, Danielle Taques Cortes Rodrigues, Vera L\u00facia de Souza, Luiz Lauremberg Eubank de Arruda, Luiz Guttemberg Eubank de Arruda, Teriane Quirino da cunha, Felipe Campos Leite, Jander Tadashi Babata, Jana\u00edna Rondon Sales e Silva, Joedil Marciano Pires da Silva, Maxsuelen da Silva Moreira, Ivana Maria da Cunha, Diego Jos\u00e9 da Silva, em homenagem ao Dia do Advogado 11 de agosto, e em reconhecimento da relev\u00e2ncia da profiss\u00e3o de advogado que \u00e9 essencial ao Estado Democr\u00e1tico de Direito e pelos servi\u00e7os indispens\u00e1veis prestados","indexacao":"","observacao":"","resultado":"","texto_original":"http://sapl.pocone.mt.leg.br/media/sapl/public/materialegislativa/2023/2481/mocao_de_aplausos_no_005-2023..pdf","data_ultima_atualizacao":"2023-08-17T09:27:28.718935-03:00","ip":"201.71.140.251","ultima_edicao":"2023-08-17T09:23:59.508781-03:00","tipo":6,"regime_tramitacao":1,"tipo_origem_externa":null,"local_origem_externa":null,"user":9,"anexadas":[],"autores":[40]}