{"id":2480,"__str__":"MO\u00c7\u00c3O DE PESAR n\u00ba 22 de 2023","link_detail_backend":"/materia/2480","metadata":{},"numero":22,"ano":2023,"numero_protocolo":null,"data_apresentacao":"2023-08-15","tipo_apresentacao":"E","data_publicacao":null,"numero_origem_externa":"","ano_origem_externa":null,"data_origem_externa":null,"apelido":"","dias_prazo":null,"data_fim_prazo":null,"em_tramitacao":false,"polemica":false,"objeto":"","complementar":false,"ementa":"Exm. Sr. Presidente da C\u00e2mara Municipal de Pocon\u00e9-MT.\r\n\r\n\r\nA C\u00e2mara Municipal de Pocon\u00e9, Estado de Mato Grosso, atrav\u00e9s dos Vereadores que a comp\u00f5em leg\u00edtimo representante do povo poconeano apresenta condol\u00eancias aos familiares da Senhora Lourdes F\u00e1tima de Oliveira, (popular Adriana), pelo o seu falecimento, sepultada no dia 14 de agosto de 2023. \r\n\r\n\r\n\u201cNeste momento dif\u00edcil pela qual passa os seus familiares a C\u00e2mara Municipal de Pocon\u00e9, se solidariza com a fam\u00edlia enlutada, rogando a Deus que envie o esp\u00edrito consolador para que os ampare e conforte\u201d.\r\n\r\n\r\n\r\nSala das Sess\u00f5es \u201cJosefa Gon\u00e7alves\u201d, em 14 de agosto de 2023.\r\n\r\n\r\n\r\n\r\n                        Vereador Marcio Fernandes \u201cMarcinho\u201d, MDB.","indexacao":"","observacao":"","resultado":"","texto_original":"http://sapl.pocone.mt.leg.br/media/sapl/public/materialegislativa/2023/2480/mocao_de_pesar_no_009-2023.pdf","data_ultima_atualizacao":"2023-08-17T09:18:18.562610-03:00","ip":"201.71.140.251","ultima_edicao":"2023-08-17T09:17:44.248109-03:00","tipo":8,"regime_tramitacao":1,"tipo_origem_externa":null,"local_origem_externa":null,"user":9,"anexadas":[],"autores":[21]}