{"id":2474,"__str__":"INDICA\u00c7\u00d5ES n\u00ba 301 de 2023","link_detail_backend":"/materia/2474","metadata":{},"numero":301,"ano":2023,"numero_protocolo":null,"data_apresentacao":"2023-08-08","tipo_apresentacao":"E","data_publicacao":null,"numero_origem_externa":"","ano_origem_externa":null,"data_origem_externa":null,"apelido":"","dias_prazo":null,"data_fim_prazo":null,"em_tramitacao":false,"polemica":false,"objeto":"","complementar":false,"ementa":"Exm\u00ba. Sr. Presidente da C\u00e2mara Municipal de Pocon\u00e9-MT.\r\n\r\n   Vereadores que a esta subscreve, nos termos do Regimento Interno da Casa, ouvido o Plen\u00e1rio, INDICAM as Suas Excel\u00eancias Ata\u00edl Marques do Amaral, Prefeito Municipal, Amarildo Schmieleski, Secret\u00e1rio Municipal de Desenvolvimento Agropecu\u00e1rio e Rural, viabilizar estudo para inserir na programa\u00e7\u00e3o das a\u00e7\u00f5es a serem implementadas com recursos do Banco Interameticano \u2013 BID Pantanal, a constru\u00e7\u00e3o de banheiros ecol\u00f3gicos  nas Comunidades Ribeirinhas, munic\u00edpio de Pocon\u00e9-MT. \r\n\r\nSala das Sess\u00f5es, \u201cJosefa Gon\u00e7alves\u201d, em 08 de agosto de 2023.\r\n\r\n\r\n                    Ver. M\u00e1rcio Fernandes, \u201cMarcinho\u201d,MDB.\r\n\r\n\r\n                  Ver. Luis Eduardo, \u201cDudu Carrapato\u201d, PSDB.","indexacao":"","observacao":"","resultado":"","texto_original":"http://sapl.pocone.mt.leg.br/media/sapl/public/materialegislativa/2023/2474/indicacao_no_068-2023.pdf","data_ultima_atualizacao":"2023-08-09T10:28:27.621990-03:00","ip":"201.71.140.251","ultima_edicao":"2023-08-09T10:27:48.545270-03:00","tipo":7,"regime_tramitacao":1,"tipo_origem_externa":null,"local_origem_externa":null,"user":9,"anexadas":[],"autores":[21]}