{"id":2464,"__str__":"INDICA\u00c7\u00d5ES n\u00ba 295 de 2023","link_detail_backend":"/materia/2464","metadata":{},"numero":295,"ano":2023,"numero_protocolo":null,"data_apresentacao":"2023-08-01","tipo_apresentacao":"E","data_publicacao":null,"numero_origem_externa":"","ano_origem_externa":null,"data_origem_externa":null,"apelido":"","dias_prazo":null,"data_fim_prazo":null,"em_tramitacao":false,"polemica":false,"objeto":"","complementar":false,"ementa":"Exm\u00ba. Sr. Presidente da C\u00e2mara Municipal de Pocon\u00e9-MT.\r\n\r\n                      O Vereador que a esta subscreve, nos termos do Regimento Interno da Casa, ouvido o Plen\u00e1rio, INDICA as Suas Excel\u00eancias Atail Marques do Amaral, Prefeito Municipal, Marcelo de Oliveira e Silva, Secret\u00e1rio de Estado de Infraestrutura e Log\u00edstica buscar entendimentos e tomadas de providencias para que os servi\u00e7os de revitaliza\u00e7\u00e3o que est\u00e1 sendo realizado na MT-060 Dr. Zelito Monteiro seja efetuado at\u00e9 a Pra\u00e7a Rotary Clube situada a margem da Avenida An\u00edbal de Toledo, cidade de Pocon\u00e9-MT.\r\n\r\n\r\n           Sala das Sess\u00f5es \u201cJosefa Gon\u00e7alves\u201d, em 01 de agosto de 2023.\r\n\r\n\r\n\r\nVereador F\u00e1bio de Oliveira, UB.","indexacao":"","observacao":"","resultado":"","texto_original":"http://sapl.pocone.mt.leg.br/media/sapl/public/materialegislativa/2023/2464/indicacao_no_040-2023..pdf","data_ultima_atualizacao":"2023-08-03T09:53:48.641469-03:00","ip":"201.71.140.251","ultima_edicao":"2023-08-03T09:53:01.227803-03:00","tipo":7,"regime_tramitacao":1,"tipo_origem_externa":null,"local_origem_externa":null,"user":9,"anexadas":[],"autores":[22]}