{"id":2462,"__str__":"INDICA\u00c7\u00d5ES n\u00ba 293 de 2023","link_detail_backend":"/materia/2462","metadata":{},"numero":293,"ano":2023,"numero_protocolo":null,"data_apresentacao":"2023-08-01","tipo_apresentacao":"E","data_publicacao":null,"numero_origem_externa":"","ano_origem_externa":null,"data_origem_externa":null,"apelido":"","dias_prazo":null,"data_fim_prazo":null,"em_tramitacao":false,"polemica":false,"objeto":"","complementar":false,"ementa":"Exm\u00ba. Sr. Presidente da C\u00e2mara Municipal de Pocon\u00e9-MT.\r\n\r\nO Vereador que a esta subscreve, nos termos do Regimento Interno da Casa, ouvido o Plen\u00e1rio, INDICA as Suas Excel\u00eancias Ata\u00edl Marques do Amaral, Prefeito Municipal, Ney Rondon Marques, Secret\u00e1rio Municipal de Infraestrutura, tomem as provid\u00eancias necess\u00e1rias para efetuar limpezas que se fazem necess\u00e1rias nas proximidades do mini est\u00e1dio \u201cIp\u00f3lito Mendes de Souza\u201d, bairro Jo\u00e3o Godofredo, cidade de Pocon\u00e9 - MT. \r\n\r\n\r\n\r\n                      Sala das Sess\u00f5es \u201cJosefa Gon\u00e7alves\u201d, em 01 de agosto de 2023.\r\n\r\n\r\n\r\n\r\n                    Vereador F\u00e1bio de Oliveira, UB.","indexacao":"","observacao":"","resultado":"","texto_original":"http://sapl.pocone.mt.leg.br/media/sapl/public/materialegislativa/2023/2462/indicacao_no_038-2023..pdf","data_ultima_atualizacao":"2023-08-03T09:50:21.751798-03:00","ip":"201.71.140.251","ultima_edicao":"2023-08-03T09:49:21.390536-03:00","tipo":7,"regime_tramitacao":1,"tipo_origem_externa":null,"local_origem_externa":null,"user":9,"anexadas":[],"autores":[22]}