{"id":2461,"__str__":"INDICA\u00c7\u00d5ES n\u00ba 292 de 2023","link_detail_backend":"/materia/2461","metadata":{},"numero":292,"ano":2023,"numero_protocolo":null,"data_apresentacao":"2023-08-01","tipo_apresentacao":"E","data_publicacao":null,"numero_origem_externa":"","ano_origem_externa":null,"data_origem_externa":null,"apelido":"","dias_prazo":null,"data_fim_prazo":null,"em_tramitacao":false,"polemica":false,"objeto":"","complementar":false,"ementa":"Exm\u00ba. Sr. Presidente da C\u00e2mara Municipal de Pocon\u00e9-MT.\r\n\r\n\r\n  O Vereador que a este subscreve, nos termos do Regimento Interno da Casa, ouvindo o Plen\u00e1rio, INDICA as Suas Excel\u00eancias Ata\u00edl Marques do Amaral, Prefeito Municipal, Ney Rondon Marques, Secret\u00e1rio Municipal de Infraestrutura, tomem as provid\u00eancias necess\u00e1rias para regularizar sistema de ilumina\u00e7\u00e3o p\u00fablica na entrada e nas vias p\u00fablicas localizadas no Residencial Guat\u00f3s I e II, bairro Cruz Preta, cidade de Pocon\u00e9-MT.\r\n\r\nSala das Sess\u00f5es \u201cJosefa Gon\u00e7alves\u201d, em 31 de julho de 2023.\r\n\r\n\r\n\r\n     Vereador Benedito Aur\u00e9lio, PP.","indexacao":"","observacao":"","resultado":"","texto_original":"http://sapl.pocone.mt.leg.br/media/sapl/public/materialegislativa/2023/2461/indicacao_no_040-2023...pdf","data_ultima_atualizacao":"2023-08-03T09:48:05.150728-03:00","ip":"201.71.140.251","ultima_edicao":"2023-08-03T09:46:19.748593-03:00","tipo":7,"regime_tramitacao":1,"tipo_origem_externa":null,"local_origem_externa":null,"user":9,"anexadas":[],"autores":[19]}