{"id":2459,"__str__":"INDICA\u00c7\u00d5ES n\u00ba 290 de 2023","link_detail_backend":"/materia/2459","metadata":{},"numero":290,"ano":2023,"numero_protocolo":null,"data_apresentacao":"2023-08-01","tipo_apresentacao":"E","data_publicacao":null,"numero_origem_externa":"","ano_origem_externa":null,"data_origem_externa":null,"apelido":"","dias_prazo":null,"data_fim_prazo":null,"em_tramitacao":false,"polemica":false,"objeto":"","complementar":false,"ementa":"Exm\u00ba. Sr. Presidente da C\u00e2mara Municipal de Pocon\u00e9-MT.\r\n\r\n  O vereador que a esta subscreve, nos termos do Regimento Interno da Casa, INDICA as Suas Excel\u00eancias Ata\u00edl Marques do Amaral, Prefeito Municipal, Ney Rondon Marques, Secret\u00e1rio Municipal de Infraestrutura, Jos\u00e9 Joadir do Amaral J\u00fanior, Secret\u00e1rio Municipal de Desenvolvimento Urbano e Econ\u00f4mico, realizar estudo e provid\u00eancia no sentido de instalar placas de sinaliza\u00e7\u00e3o e faixa elevada de pedestres na esquina da Rua Desembargador Martins com a Rua Frei Carlos Vallet, situadas no bairro Cruz Preta, cidade de Pocon\u00e9-MT.\r\n\r\nSala das Sess\u00f5es \u201cJosefa Gon\u00e7alves\u201d, em 31 de julho de 2023.\r\n\r\n\r\n\r\n     Vereador Benedito Aur\u00e9lio, PP.","indexacao":"","observacao":"","resultado":"","texto_original":"http://sapl.pocone.mt.leg.br/media/sapl/public/materialegislativa/2023/2459/indicacao_no_038-2023...pdf","data_ultima_atualizacao":"2023-08-03T09:45:22.544753-03:00","ip":"201.71.140.251","ultima_edicao":"2023-08-03T09:44:43.519599-03:00","tipo":7,"regime_tramitacao":1,"tipo_origem_externa":null,"local_origem_externa":null,"user":9,"anexadas":[],"autores":[19]}