{"id":2455,"__str__":"MO\u00c7\u00c3O DE PESAR n\u00ba 20 de 2023","link_detail_backend":"/materia/2455","metadata":{},"numero":20,"ano":2023,"numero_protocolo":null,"data_apresentacao":"2023-08-01","tipo_apresentacao":"E","data_publicacao":null,"numero_origem_externa":"","ano_origem_externa":null,"data_origem_externa":null,"apelido":"","dias_prazo":null,"data_fim_prazo":null,"em_tramitacao":false,"polemica":false,"objeto":"","complementar":false,"ementa":"Exm. Sr. Presidente da C\u00e2mara Municipal de Pocon\u00e9-MT.\r\n\r\n\r\nA C\u00e2mara Municipal de Pocon\u00e9, Estado de Mato Grosso, atrav\u00e9s dos Vereadores que a comp\u00f5em leg\u00edtimo representante do povo poconeano apresenta condol\u00eancias aos familiares da Senhora Benedita Leonice da Silva, pelo o seu falecimento ocorrido no dia 07 de julho de 2023. \r\n\r\n\r\n\u201cManifestamos nosso profundo respeito e rogando a Deus que traga conforto aos cora\u00e7\u00f5es enlutados. Desejamos que a paz, o consolo e a for\u00e7a da f\u00e9 reinem no meio de todos, destacando o amor a Deus sobre todas as coisas para que a Senhora Benedita Leonice da Silva, descanse em paz\u201d.\r\n\r\nSala das Sess\u00f5es \u201cJosefa Gon\u00e7alves\u201d, em 13 de julho de 2023.\r\n\r\n\r\n Vereador S\u00e9rgio Maracan\u00e3, do PSB.","indexacao":"","observacao":"","resultado":"","texto_original":"http://sapl.pocone.mt.leg.br/media/sapl/public/materialegislativa/2023/2455/mocao_de_pesar_no_003-2023..pdf","data_ultima_atualizacao":"2023-08-03T09:23:52.386723-03:00","ip":"201.71.140.251","ultima_edicao":"2023-08-03T09:23:00.849363-03:00","tipo":8,"regime_tramitacao":1,"tipo_origem_externa":null,"local_origem_externa":null,"user":9,"anexadas":[],"autores":[24]}