{"id":2451,"__str__":"REQUERIMENTOS COMUNS n\u00ba 33 de 2023","link_detail_backend":"/materia/2451","metadata":{},"numero":33,"ano":2023,"numero_protocolo":null,"data_apresentacao":"2023-07-11","tipo_apresentacao":"E","data_publicacao":null,"numero_origem_externa":"","ano_origem_externa":null,"data_origem_externa":null,"apelido":"","dias_prazo":null,"data_fim_prazo":null,"em_tramitacao":false,"polemica":false,"objeto":"","complementar":false,"ementa":"Exm\u00ba. Sr\u00ba. Presidente da C\u00e2mara Municipal de Pocon\u00e9-MT.\r\n\r\n\r\nVereadores que a este subscreve, ouvido o Plen\u00e1rio, nos termos do Regimento Interno da Casa, REQUER o adiamento da discuss\u00e3o e vota\u00e7\u00e3o do Projeto de Lei n\u00ba 004/2023, de iniciativa do Vereador F\u00e1bio de Oliveira, UB, cria no munic\u00edpio de Pocon\u00e9 a \u201cParada Legal\u201d, que \u00e9 a extens\u00e3o tempor\u00e1ria de passeios p\u00fablicos em espa\u00e7os de conv\u00edvio social, para novo an\u00e1lise pelos membros da Comiss\u00e3o de Justi\u00e7a, Economia e Finan\u00e7as, da qual somos membros.\r\n\r\n\r\n\r\n\r\n\t    \tSala das Sess\u00f5es \u201cJosefa Gon\u00e7alves\u201d, em 11 de julho de 2023.\r\n\r\n\r\n\t\r\n\r\nVereador M\u00e1rcio Fernandes, MDB.                                   Vereadora Jocilma Amaral, UB.","indexacao":"","observacao":"","resultado":"","texto_original":"http://sapl.pocone.mt.leg.br/media/sapl/public/materialegislativa/2023/2451/requerimento_no_007-_2023.pdf","data_ultima_atualizacao":"2023-07-13T09:42:30.103313-03:00","ip":"201.71.140.251","ultima_edicao":"2023-07-13T09:41:49.860467-03:00","tipo":5,"regime_tramitacao":1,"tipo_origem_externa":null,"local_origem_externa":null,"user":9,"anexadas":[],"autores":[21]}