{"id":2450,"__str__":"INDICA\u00c7\u00d5ES n\u00ba 286 de 2023","link_detail_backend":"/materia/2450","metadata":{},"numero":286,"ano":2023,"numero_protocolo":null,"data_apresentacao":"2023-07-11","tipo_apresentacao":"E","data_publicacao":null,"numero_origem_externa":"","ano_origem_externa":null,"data_origem_externa":null,"apelido":"","dias_prazo":null,"data_fim_prazo":null,"em_tramitacao":false,"polemica":false,"objeto":"","complementar":false,"ementa":"Exm\u00ba. Sr. Presidente da C\u00e2mara Municipal de Pocon\u00e9-MT.\r\n\r\nA Vereadora que a esta subscreve, nos termos do Regimento Interno da Casa, ouvido o Plen\u00e1rio, INDICA as Suas Excel\u00eancias Mauro Mendes, Governador do Estado, estendido a primeira-dama de Mato Grosso, Virginia Mendes, Secret\u00e1ria de Assist\u00eancia Social e Cidadania, Grasielle Bugalho, Joelma Gomes da Silva, Primeira Dama de Pocon\u00e9 e Secret\u00e1ria de Assist\u00eancia Social, Emprego e Renda, ao presidente da MT Par, Wener Santos, busquem beneficiar cidad\u00e3os e fam\u00edlias poconeanas com o programa \u201cSer Fam\u00edlia Habita\u00e7\u00e3o\u201d.\r\n\r\nSala das Sess\u00f5es \u201cJosefa Gon\u00e7alves\u201d, 11 de julho de 2023.\r\n      \r\n\r\n                         Vereadora Jocilma Amaral, UB.","indexacao":"","observacao":"","resultado":"","texto_original":"http://sapl.pocone.mt.leg.br/media/sapl/public/materialegislativa/2023/2450/indicacao_-vereadora_jocilma_no_09-2023.pdf","data_ultima_atualizacao":"2023-07-13T09:41:09.763912-03:00","ip":"201.71.140.251","ultima_edicao":"2023-07-13T09:40:14.031531-03:00","tipo":7,"regime_tramitacao":1,"tipo_origem_externa":null,"local_origem_externa":null,"user":9,"anexadas":[],"autores":[26]}