{"id":2442,"__str__":"INDICA\u00c7\u00d5ES n\u00ba 278 de 2023","link_detail_backend":"/materia/2442","metadata":{},"numero":278,"ano":2023,"numero_protocolo":null,"data_apresentacao":"2023-07-11","tipo_apresentacao":"E","data_publicacao":null,"numero_origem_externa":"","ano_origem_externa":null,"data_origem_externa":null,"apelido":"","dias_prazo":null,"data_fim_prazo":null,"em_tramitacao":false,"polemica":false,"objeto":"","complementar":false,"ementa":"Exm\u00ba. Sr. Presidente da C\u00e2mara Municipal de Pocon\u00e9-MT.\r\n\r\nO Vereador que a esta subscreve, nos termos do Regimento Interno da Casa, Reitera as Suas Excel\u00eancias Ata\u00edl Marques do Amaral, Prefeito Municipal, Marcelo de Oliveira e Silva, Secret\u00e1rio de Estado de Infraestrutura e Log\u00edstica, a necessidade de buscar parcerias Prefeitura Municipal e Secretaria de Infraestrutura e Log\u00edstica do Estado, para constru\u00e7\u00e3o de uma nova ponte de prefer\u00eancia de concreto/ou a\u00e7o na estrada que d\u00e1 acesso a Comunidade Modelo, munic\u00edpio de Pocon\u00e9 \u2013 MT.\r\n\r\nSala das Sess\u00f5es \u201cJosefa Gon\u00e7alves\u201d, em 10 de julho de 2023.\r\n\r\n\r\nVereador Benedito Aur\u00e9lio, PP.","indexacao":"","observacao":"","resultado":"","texto_original":"http://sapl.pocone.mt.leg.br/media/sapl/public/materialegislativa/2023/2442/indicacao_no_032-2023...pdf","data_ultima_atualizacao":"2023-07-13T09:21:22.122033-03:00","ip":"201.71.140.251","ultima_edicao":"2023-07-13T09:20:36.089837-03:00","tipo":7,"regime_tramitacao":1,"tipo_origem_externa":null,"local_origem_externa":null,"user":9,"anexadas":[],"autores":[19]}