{"id":2425,"__str__":"INDICA\u00c7\u00d5ES n\u00ba 271 de 2023","link_detail_backend":"/materia/2425","metadata":{},"numero":271,"ano":2023,"numero_protocolo":null,"data_apresentacao":"2023-06-27","tipo_apresentacao":"E","data_publicacao":null,"numero_origem_externa":"","ano_origem_externa":null,"data_origem_externa":null,"apelido":"","dias_prazo":null,"data_fim_prazo":null,"em_tramitacao":false,"polemica":false,"objeto":"","complementar":false,"ementa":"Exm\u00ba. Sr\u00ba. Presidente da C\u00e2mara Municipal de Pocon\u00e9-MT.\r\n\r\n  A Vereadora que a esta subscreve, nos termos do Regimento Interno da Casa, INDICA a Adepan, \u201cTrade\u201d Tur\u00edstico, Energisa, Assembl\u00e9ia Legislativa - MT (Comiss\u00e3o de Meio Ambiente), SEMA-MT, Secretaria Adjunta de Turismo \u2013 MT, C\u00e2mara dos Vereadores, Prefeitura Municipal de Pocon\u00e9, para participar de uma reuni\u00e3o tem\u00e1tica em Pocon\u00e9, agendada para dia 22 de agosto \u00e1s 9h00min, no plen\u00e1rio da C\u00e2mara dos Vereadores.\r\n\r\nAssunto:\r\n\r\nEsclarecimento sobre a parceria entre Energisa e Governo do Estado para constru\u00e7\u00e3o de 09 (nove) BELVEDERES na extens\u00e3o da Rodovia Transpantaneira;\r\n\r\nEsclarecimento sobre as localiza\u00e7\u00f5es exatas onde est\u00e3o previstas as constru\u00e7\u00f5es;\r\n\r\nDefesa para que haja uma dessas edifica\u00e7\u00f5es a frente do monumento a S\u00e3o Francisco;\r\nEsclarecimento sobre os projetos arquitet\u00f4nicos;\r\n\r\n Sala das Sess\u00f5es \u201cJosefa Gon\u00e7alves\u201d, em 27 de junho de 2023.\r\n\r\n\t\r\n  Vereadora Jossielma Silva, PTB.","indexacao":"","observacao":"","resultado":"","texto_original":"http://sapl.pocone.mt.leg.br/media/sapl/public/materialegislativa/2023/2425/indicacao_no_020-2023.pdf","data_ultima_atualizacao":"2023-06-30T12:49:54.968007-03:00","ip":"201.71.140.251","ultima_edicao":"2023-06-30T12:49:25.124799-03:00","tipo":7,"regime_tramitacao":1,"tipo_origem_externa":null,"local_origem_externa":null,"user":9,"anexadas":[],"autores":[27]}