{"id":2422,"__str__":"INDICA\u00c7\u00d5ES n\u00ba 268 de 2023","link_detail_backend":"/materia/2422","metadata":{},"numero":268,"ano":2023,"numero_protocolo":null,"data_apresentacao":"2023-06-27","tipo_apresentacao":"E","data_publicacao":null,"numero_origem_externa":"","ano_origem_externa":null,"data_origem_externa":null,"apelido":"","dias_prazo":null,"data_fim_prazo":null,"em_tramitacao":false,"polemica":false,"objeto":"","complementar":false,"ementa":"Exm\u00ba. Sr\u00ba. Presidente da C\u00e2mara Municipal de Pocon\u00e9-MT.\r\n\r\n  A Vereadora que a esta subscreve, nos termos do Regimento Interno da Casa, INDICA a Mesa Diretora da C\u00e2mara Municipal, aos Senhores Jos\u00e9 Joadir do Amaral j\u00fanior, Secret\u00e1rio Municipal de Desenvolvimento Urbano e Econ\u00f4mico, Danielle Assis Carvalho, Secret\u00e1ria Municipal de Meio Ambiente, Manoel Salvador Pereira Leite, Secret\u00e1rio Municipal de Turismo, a Assessoria de Comunica\u00e7\u00e3o da Prefeitura de Pocon\u00e9, para que uma comitiva entre legislativo e executivo, realize na pr\u00f3xima semana um roteiro t\u00e9cnico para registro de imagens e v\u00eddeo na extens\u00e3o da Transpantaneira para monitorar onde seria poss\u00edvel a constru\u00e7\u00e3o das estruturas dos Belvederes, para que a Mesa Diretora autorize o uso do ve\u00edculo oficial.\r\n\r\n Sala das Sess\u00f5es \u201cJosefa Gon\u00e7alves\u201d, em 27 de junho de 2023.\r\n\r\n\t\r\n                        Vereadora Jossielma Silva, PTB.","indexacao":"","observacao":"","resultado":"","texto_original":"http://sapl.pocone.mt.leg.br/media/sapl/public/materialegislativa/2023/2422/indicacao_no_017-2023.pdf","data_ultima_atualizacao":"2023-06-30T12:47:10.541370-03:00","ip":"201.71.140.251","ultima_edicao":"2023-06-30T12:45:51.607656-03:00","tipo":7,"regime_tramitacao":1,"tipo_origem_externa":null,"local_origem_externa":null,"user":9,"anexadas":[],"autores":[27]}