{"id":2421,"__str__":"INDICA\u00c7\u00d5ES n\u00ba 267 de 2023","link_detail_backend":"/materia/2421","metadata":{},"numero":267,"ano":2023,"numero_protocolo":null,"data_apresentacao":"2023-06-27","tipo_apresentacao":"E","data_publicacao":null,"numero_origem_externa":"","ano_origem_externa":null,"data_origem_externa":null,"apelido":"","dias_prazo":null,"data_fim_prazo":null,"em_tramitacao":false,"polemica":false,"objeto":"","complementar":false,"ementa":"Exm\u00ba. Sr. Presidente da C\u00e2mara Municipal de Pocon\u00e9-MT.\r\n\r\n\r\nA Vereadora que a esta subscreve, nos termos do Regimento Interno da Casa, INDICA a Sua Excel\u00eancia Deputado Federal Emanuel Pinheiro Neto, \u201cEmanuelzinho\u201d, no sentido de buscar entendimentos e tomadas de provid\u00eancias junto ao Governo Federal/Minist\u00e9rio da Sa\u00fade, destinar recursos financeiros para a Prefeitura Municipal de Pocon\u00e9, no valor de R$ 300.000,00 (trezentos mil reais), destinados para custeio na sa\u00fade fundo a fundo, nas a\u00e7\u00f5es desenvolvidas pela Secretaria Municipal de Sa\u00fade.\r\n\r\n\r\n\r\nSala das Sess\u00f5es \u201cJosefa Gon\u00e7alves\u201d, 26 de junho de 2023. \r\n\r\n\r\n\r\n\r\nVereadora Neya de Prof. Francionei, PSB.","indexacao":"","observacao":"","resultado":"","texto_original":"http://sapl.pocone.mt.leg.br/media/sapl/public/materialegislativa/2023/2421/indicacao_no_021-2023.pdf","data_ultima_atualizacao":"2023-06-30T12:39:08.903230-03:00","ip":"201.71.140.251","ultima_edicao":"2023-06-30T12:37:54.885006-03:00","tipo":7,"regime_tramitacao":1,"tipo_origem_externa":null,"local_origem_externa":null,"user":9,"anexadas":[],"autores":[40]}