{"id":2420,"__str__":"INDICA\u00c7\u00d5ES n\u00ba 266 de 2023","link_detail_backend":"/materia/2420","metadata":{},"numero":266,"ano":2023,"numero_protocolo":null,"data_apresentacao":"2023-06-27","tipo_apresentacao":"E","data_publicacao":null,"numero_origem_externa":"","ano_origem_externa":null,"data_origem_externa":null,"apelido":"","dias_prazo":null,"data_fim_prazo":null,"em_tramitacao":false,"polemica":false,"objeto":"","complementar":false,"ementa":"Exm\u00ba. Sr. Presidente da C\u00e2mara Municipal de Pocon\u00e9-MT.\r\n\r\n\r\n                        A Vereadora que a esta subscreve, nos termos do Regimento Interno da Casa, ouvido o Plen\u00e1rio, INDICA as Suas Excel\u00eancias Deputada Estadual Jana\u00edna Riva, Senador Wellington Fagundes, no sentido de buscar entendimentos para disponibilizar recursos financeiros no valor de R$ 600.000,000, via Minist\u00e9rio da Sa\u00fade para a Prefeitura Municipal de Pocon\u00e9, destinados para obra e instala\u00e7\u00e3o atrav\u00e9s de investimentos de reforma/amplia\u00e7\u00e3o do Centro de Reabilita\u00e7\u00e3o que tem sua instala\u00e7\u00e3o junto ao Centro de Especialidade M\u00e9dica \u2013 CEM \r\n\r\n\r\n\r\nSala das Sess\u00f5es \u201cJosefa Gon\u00e7alves\u201d, 26 de junho de 2023. \r\n\r\n\r\n\r\n\r\nVereadora Neya de Prof. Francionei, PSB.","indexacao":"","observacao":"","resultado":"","texto_original":"http://sapl.pocone.mt.leg.br/media/sapl/public/materialegislativa/2023/2420/indicacao_no_020-2023.pdf","data_ultima_atualizacao":"2023-06-30T12:37:42.610965-03:00","ip":"201.71.140.251","ultima_edicao":"2023-06-30T12:37:05.018783-03:00","tipo":7,"regime_tramitacao":1,"tipo_origem_externa":null,"local_origem_externa":null,"user":9,"anexadas":[],"autores":[40]}