{"id":2411,"__str__":"MO\u00c7\u00d5ES n\u00ba 38 de 2023","link_detail_backend":"/materia/2411","metadata":{},"numero":38,"ano":2023,"numero_protocolo":null,"data_apresentacao":"2023-06-27","tipo_apresentacao":"E","data_publicacao":null,"numero_origem_externa":"","ano_origem_externa":null,"data_origem_externa":null,"apelido":"","dias_prazo":null,"data_fim_prazo":null,"em_tramitacao":false,"polemica":false,"objeto":"","complementar":false,"ementa":"Exm\u00ba. Sr. Presidente da C\u00e2mara Municipal de Pocon\u00e9-MT.\r\n\r\n                        A C\u00e2mara Municipal de Pocon\u00e9, Estado de Mato Grosso, atrav\u00e9s dos Vereadores que a comp\u00f5em leg\u00edtimo representante do povo poconeano apresenta Mo\u00e7\u00e3o de Aplausos ao Senhor Amarildo Schmieleski, pela excel\u00eancia com que realiza seu trabalho a frente da Secretaria Municipal de Desenvolvimento Agropecu\u00e1rio e Rural da cidade de Pocon\u00e9 \u2013 MT\r\n\r\n\r\n                        Que seja dado conhecimento desta ao homenageado.\r\n\r\n\r\n                        Sala das Sess\u00f5es \u201cJosefa Gon\u00e7alves\u201d, em 26 de junho de 2023.\r\n\r\n\r\n\r\n                       Vereadora Ageane Barros, UB.","indexacao":"","observacao":"","resultado":"","texto_original":"http://sapl.pocone.mt.leg.br/media/sapl/public/materialegislativa/2023/2411/mocao_de_aplauso_no_008-2023..pdf","data_ultima_atualizacao":"2023-06-30T11:21:18.137645-03:00","ip":"201.71.140.251","ultima_edicao":"2023-06-30T11:20:52.782770-03:00","tipo":6,"regime_tramitacao":1,"tipo_origem_externa":null,"local_origem_externa":null,"user":9,"anexadas":[],"autores":[16]}